{"id":1350,"date":"2019-06-27T15:07:40","date_gmt":"2019-06-27T15:07:40","guid":{"rendered":"https:\/\/vagaluna.it\/?p=1350"},"modified":"2024-02-27T11:47:51","modified_gmt":"2024-02-27T11:47:51","slug":"agenda-brasil-milao-2019","status":"publish","type":"post","link":"https:\/\/vagaluna.it\/pt-br\/agenda-brasil-pt-br\/agenda-brasil-milao\/agenda-brasil-milao-2019\/","title":{"rendered":"Agenda Brasil Mil\u00e3o 2019"},"content":{"rendered":"<p>[et_pb_section fb_built=&#8221;1&#8243; custom_padding_last_edited=&#8221;on|tablet&#8221; admin_label=&#8221;Packages&#8221; _builder_version=&#8221;4.16&#8243; custom_padding=&#8221;110px||110px|&#8221; custom_padding_tablet=&#8221;0px||0px|&#8221; custom_padding_phone=&#8221;&#8221; global_colors_info=&#8221;{}&#8221;][et_pb_row custom_padding_last_edited=&#8221;on|phone&#8221; admin_label=&#8221;T\u00edtulo dos pacotes&#8221; _builder_version=&#8221;4.16&#8243; custom_padding=&#8221;30px|0px|120px|0px&#8221; custom_padding_tablet=&#8221;60px||0px|&#8221; custom_padding_phone=&#8221;&#8221; locked=&#8221;off&#8221; global_colors_info=&#8221;{}&#8221;][et_pb_column type=&#8221;4_4&#8243; _builder_version=&#8221;4.16&#8243; custom_padding=&#8221;|||&#8221; global_colors_info=&#8221;{}&#8221; custom_padding__hover=&#8221;|||&#8221;][et_pb_text _builder_version=&#8221;4.19.4&#8243; text_font=&#8221;||||&#8221; text_text_color=&#8221;#1a1a1a&#8221; header_font=&#8221;Oswald|on||on|&#8221; header_text_align=&#8221;center&#8221; header_font_size=&#8221;60px&#8221; header_line_height=&#8221;1.3em&#8221; module_alignment=&#8221;center&#8221; custom_margin=&#8221;|||&#8221; custom_padding=&#8221;|||&#8221; animation_style=&#8221;slide&#8221; animation_direction=&#8221;top&#8221; animation_intensity_slide=&#8221;10%&#8221; locked=&#8221;off&#8221; global_colors_info=&#8221;{}&#8221;]<\/p>\n<h1>Agenda Brasil Mil\u00e3o 2019<\/h1>\n<p>[\/et_pb_text][et_pb_divider color=&#8221;#6b0008&#8243; divider_position=&#8221;center&#8221; divider_weight=&#8221;3px&#8221; disabled_on=&#8221;off|off|off&#8221; _builder_version=&#8221;4.19.4&#8243; max_width=&#8221;150px&#8221; module_alignment=&#8221;center&#8221; height=&#8221;false&#8221; custom_margin=&#8221;30px|||&#8221; animation_style=&#8221;slide&#8221; animation_direction=&#8221;top&#8221; animation_delay=&#8221;100ms&#8221; animation_intensity_slide=&#8221;10%&#8221; locked=&#8221;off&#8221; global_colors_info=&#8221;{}&#8221;][\/et_pb_divider][\/et_pb_column][\/et_pb_row][et_pb_row column_structure=&#8221;1_2,1_2&#8243; admin_label=&#8221;pacote&#8221; _builder_version=&#8221;4.16&#8243; background_size=&#8221;initial&#8221; background_position=&#8221;top_left&#8221; background_repeat=&#8221;repeat&#8221; global_colors_info=&#8221;{}&#8221;][et_pb_column type=&#8221;1_2&#8243; _builder_version=&#8221;4.16&#8243; custom_padding=&#8221;|||&#8221; global_colors_info=&#8221;{}&#8221; custom_padding__hover=&#8221;|||&#8221;][et_pb_image src=&#8221;https:\/\/vagaluna.it\/wp-content\/uploads\/2023\/06\/AgendaBR2019-stories-o9ay4d4qac14xlz56wyo1dxz4xdwwt9i4b3ylwpc2s.png&#8221; title_text=&#8221;AgendaBR2019-stories-o9ay4d4qac14xlz56wyo1dxz4xdwwt9i4b3ylwpc2s&#8221; align_tablet=&#8221;center&#8221; align_phone=&#8221;center&#8221; align_last_edited=&#8221;on|desktop&#8221; admin_label=&#8221;Package Image&#8221; _builder_version=&#8221;4.21.0&#8243; animation_style=&#8221;fold&#8221; animation_direction=&#8221;right&#8221; animation_intensity_fold=&#8221;20%&#8221; global_colors_info=&#8221;{}&#8221;][\/et_pb_image][\/et_pb_column][et_pb_column type=&#8221;1_2&#8243; _builder_version=&#8221;4.16&#8243; custom_padding=&#8221;|||&#8221; global_colors_info=&#8221;{}&#8221; custom_padding__hover=&#8221;|||&#8221;][et_pb_text admin_label=&#8221;Description&#8221; _builder_version=&#8221;4.21.0&#8243; text_font=&#8221;Roboto||||&#8221; text_font_size=&#8221;16px&#8221; text_line_height=&#8221;1.8em&#8221; background_size=&#8221;initial&#8221; background_position=&#8221;top_left&#8221; background_repeat=&#8221;repeat&#8221; animation_style=&#8221;zoom&#8221; animation_direction=&#8221;left&#8221; animation_delay=&#8221;100ms&#8221; animation_intensity_zoom=&#8221;10%&#8221; global_colors_info=&#8221;{}&#8221;]<\/p>\n<p>As exibi\u00e7\u00f5es acontecer\u00e3o todas no MIC nesta oitava edi\u00e7\u00e3o da Agenda Brasil, j\u00e1 ancorada na temporada de ver\u00e3o: tanto a sala quanto o terra\u00e7o do antigo Manifatture Tabacchi ser\u00e3o palco de exibi\u00e7\u00f5es de filmes e encontros, debates e apresenta\u00e7\u00f5es musicais momentos. O cinema \u00e9 uma oportunidade de fazer um balan\u00e7o da cultura e desse magma incandescente que continua sendo a sociedade no Brasil.<\/p>\n<p>Um j\u00fari constitu\u00eddo por especialistas em cinema atribuir\u00e1 os pr\u00e9mios de melhor filme e melhor document\u00e1rio, mas o p\u00fablico tamb\u00e9m poder\u00e1 votar nos seus filmes preferidos.<\/p>\n<p>[\/et_pb_text][et_pb_text admin_label=&#8221;Description&#8221; _builder_version=&#8221;4.21.0&#8243; text_font=&#8221;Roboto||||&#8221; text_font_size=&#8221;16px&#8221; text_line_height=&#8221;1.8em&#8221; background_size=&#8221;initial&#8221; background_position=&#8221;top_left&#8221; background_repeat=&#8221;repeat&#8221; animation_style=&#8221;zoom&#8221; animation_direction=&#8221;left&#8221; animation_delay=&#8221;100ms&#8221; animation_intensity_zoom=&#8221;10%&#8221; global_colors_info=&#8221;{}&#8221;]<\/p>\n<p><strong>MIC Museu Interativo do Cinema<br \/><\/strong>Viale Fulvio Testi 121<\/p>\n<p><strong>Entradas<\/strong><br \/>Pre\u00e7o total \u20ac 6,50<br \/>Redu\u00e7\u00e3o de \u20ac 5,00<br \/>Crian\u00e7a + adulto \u20ac 7,00<br \/>(descontos: Cinetessa, menores de 14 anos, universit\u00e1rios, Touring Club Junior e Adultos, Bilhete de Identidade de Mil\u00e3o, Bilhete FAI).<br \/>Crian\u00e7as entre os 16 e os 19 anos: Entrada gratuita<br \/>Cart\u00e3o para 5 sess\u00f5es: 25,00\u20ac<\/p>\n<p>Veja o <a href=\"https:\/\/youtu.be\/dQt8F5Dy0IU\"><b>reboque do festival<\/b><\/a><\/p>\n<p>[\/et_pb_text][\/et_pb_column][\/et_pb_row][et_pb_row admin_label=&#8221;pacote&#8221; _builder_version=&#8221;4.16&#8243; background_size=&#8221;initial&#8221; background_position=&#8221;top_left&#8221; background_repeat=&#8221;repeat&#8221; global_colors_info=&#8221;{}&#8221;][et_pb_column type=&#8221;4_4&#8243; _builder_version=&#8221;4.16&#8243; custom_padding=&#8221;|||&#8221; global_colors_info=&#8221;{}&#8221; custom_padding__hover=&#8221;|||&#8221;][et_pb_text admin_label=&#8221;Package Title&#8221; _builder_version=&#8221;4.21.0&#8243; text_font=&#8221;Oswald||||&#8221; text_text_color=&#8221;#6b0008&#8243; text_font_size=&#8221;24px&#8221; background_size=&#8221;initial&#8221; background_position=&#8221;top_left&#8221; background_repeat=&#8221;repeat&#8221; animation_style=&#8221;zoom&#8221; animation_direction=&#8221;left&#8221; animation_intensity_zoom=&#8221;10%&#8221; global_colors_info=&#8221;{}&#8221;]<\/p>\n<p>PLANO <\/p>\n<p>[\/et_pb_text][\/et_pb_column][\/et_pb_row][et_pb_row admin_label=&#8221;pacote&#8221; _builder_version=&#8221;4.16&#8243; background_size=&#8221;initial&#8221; background_position=&#8221;top_left&#8221; background_repeat=&#8221;repeat&#8221; global_colors_info=&#8221;{}&#8221;][et_pb_column type=&#8221;4_4&#8243; _builder_version=&#8221;4.16&#8243; custom_padding=&#8221;|||&#8221; global_colors_info=&#8221;{}&#8221; custom_padding__hover=&#8221;|||&#8221;][et_pb_text admin_label=&#8221;Package Title&#8221; _builder_version=&#8221;4.21.0&#8243; text_font=&#8221;Oswald||||&#8221; text_text_color=&#8221;#6b0008&#8243; text_font_size=&#8221;24px&#8221; background_size=&#8221;initial&#8221; background_position=&#8221;top_left&#8221; background_repeat=&#8221;repeat&#8221; animation_style=&#8221;zoom&#8221; animation_direction=&#8221;left&#8221; animation_intensity_zoom=&#8221;10%&#8221; global_colors_info=&#8221;{}&#8221;]<\/p>\n<p>Segunda-feira, 8 de julho &#8211; 19h30 Brinde de posse<\/p>\n<p>[\/et_pb_text][\/et_pb_column][\/et_pb_row][et_pb_row column_structure=&#8221;1_2,1_2&#8243; admin_label=&#8221;pacote&#8221; _builder_version=&#8221;4.16&#8243; background_size=&#8221;initial&#8221; background_position=&#8221;top_left&#8221; background_repeat=&#8221;repeat&#8221; global_colors_info=&#8221;{}&#8221;][et_pb_column type=&#8221;1_2&#8243; _builder_version=&#8221;4.16&#8243; custom_padding=&#8221;|||&#8221; global_colors_info=&#8221;{}&#8221; custom_padding__hover=&#8221;|||&#8221;][et_pb_image src=&#8221;https:\/\/vagaluna.it\/wp-content\/uploads\/2023\/06\/Schermata-2019-06-07-alle-16.49.44.png&#8221; title_text=&#8221;Schermata-2019-06-07-alle-16.49.44&#8243; align_tablet=&#8221;center&#8221; align_phone=&#8221;center&#8221; align_last_edited=&#8221;on|desktop&#8221; admin_label=&#8221;Package Image&#8221; _builder_version=&#8221;4.21.0&#8243; animation_style=&#8221;fold&#8221; animation_direction=&#8221;right&#8221; animation_intensity_fold=&#8221;20%&#8221; global_colors_info=&#8221;{}&#8221;][\/et_pb_image][\/et_pb_column][et_pb_column type=&#8221;1_2&#8243; _builder_version=&#8221;4.16&#8243; custom_padding=&#8221;|||&#8221; global_colors_info=&#8221;{}&#8221; custom_padding__hover=&#8221;|||&#8221;][et_pb_text admin_label=&#8221;Description&#8221; _builder_version=&#8221;4.21.0&#8243; text_font=&#8221;Roboto||||&#8221; text_font_size=&#8221;16px&#8221; text_line_height=&#8221;1.8em&#8221; background_size=&#8221;initial&#8221; background_position=&#8221;top_left&#8221; background_repeat=&#8221;repeat&#8221; animation_style=&#8221;zoom&#8221; animation_direction=&#8221;left&#8221; animation_delay=&#8221;100ms&#8221; animation_intensity_zoom=&#8221;10%&#8221; global_colors_info=&#8221;{}&#8221;]<\/p>\n<p><strong>h<\/strong><strong> 21.00 <\/strong><u>O beijo no asfalto<\/u> (Brasil, 2018, 98&#8242;) dire\u00e7\u00e3o de Murilo Ben\u00edcio, baseado na obra hom\u00f4nima de Nelson Rodrigues. Arandir, um jovem banc\u00e1rio aposentado, resgatou um homem atropelado por um \u00f4nibus. O moribundo expressa seu \u00faltimo desejo: um beijo. Arandir beija o homem, mas o gesto \u00e9 visto pelo sogro Apr\u00edgio e fotografado por um rep\u00f3rter em busca de um furo. O rep\u00f3rter investiga e insta a pol\u00edcia a investigar uma suposta rela\u00e7\u00e3o entre Arandir e o morto. Com Fernanda Montenegro, L\u00e1zaro Ramos, D\u00e9bora Falabella, Augusto Madeira, Ot\u00e1vio M\u00fcller, Luiza Tiso, Amir Hadad, St\u00eanio Garcia, Raquel Fabri, Marcelo Flores e Arlindo Lopes.<br \/>Filmes em competi\u00e7\u00e3o.<\/p>\n<p>[\/et_pb_text][\/et_pb_column][\/et_pb_row][et_pb_row admin_label=&#8221;pacote&#8221; _builder_version=&#8221;4.16&#8243; background_size=&#8221;initial&#8221; background_position=&#8221;top_left&#8221; background_repeat=&#8221;repeat&#8221; global_colors_info=&#8221;{}&#8221;][et_pb_column type=&#8221;4_4&#8243; _builder_version=&#8221;4.16&#8243; custom_padding=&#8221;|||&#8221; global_colors_info=&#8221;{}&#8221; custom_padding__hover=&#8221;|||&#8221;][et_pb_text admin_label=&#8221;Package Title&#8221; _builder_version=&#8221;4.21.0&#8243; text_font=&#8221;Oswald||||&#8221; text_text_color=&#8221;#6b0008&#8243; text_font_size=&#8221;24px&#8221; background_size=&#8221;initial&#8221; background_position=&#8221;top_left&#8221; background_repeat=&#8221;repeat&#8221; animation_style=&#8221;zoom&#8221; animation_direction=&#8221;left&#8221; animation_intensity_zoom=&#8221;10%&#8221; global_colors_info=&#8221;{}&#8221;]<\/p>\n<p>Ter\u00e7a-feira, 9 de julho<\/p>\n<p>[\/et_pb_text][\/et_pb_column][\/et_pb_row][et_pb_row column_structure=&#8221;1_2,1_2&#8243; admin_label=&#8221;pacote&#8221; _builder_version=&#8221;4.16&#8243; background_size=&#8221;initial&#8221; background_position=&#8221;top_left&#8221; background_repeat=&#8221;repeat&#8221; global_colors_info=&#8221;{}&#8221;][et_pb_column type=&#8221;1_2&#8243; _builder_version=&#8221;4.16&#8243; custom_padding=&#8221;|||&#8221; global_colors_info=&#8221;{}&#8221; custom_padding__hover=&#8221;|||&#8221;][et_pb_image src=&#8221;https:\/\/vagaluna.it\/wp-content\/uploads\/2023\/06\/Schermata-2019-06-07-alle-16.58.06-1024&#215;643-1.png&#8221; title_text=&#8221;Schermata-2019-06-07-alle-16.58.06-1024&#215;643&#8243; align_tablet=&#8221;center&#8221; align_phone=&#8221;center&#8221; align_last_edited=&#8221;on|desktop&#8221; admin_label=&#8221;Package Image&#8221; _builder_version=&#8221;4.21.0&#8243; animation_style=&#8221;fold&#8221; animation_direction=&#8221;right&#8221; animation_intensity_fold=&#8221;20%&#8221; global_colors_info=&#8221;{}&#8221;][\/et_pb_image][\/et_pb_column][et_pb_column type=&#8221;1_2&#8243; _builder_version=&#8221;4.16&#8243; custom_padding=&#8221;|||&#8221; global_colors_info=&#8221;{}&#8221; custom_padding__hover=&#8221;|||&#8221;][et_pb_text admin_label=&#8221;Description&#8221; _builder_version=&#8221;4.21.0&#8243; text_font=&#8221;Roboto||||&#8221; text_font_size=&#8221;16px&#8221; text_line_height=&#8221;1.8em&#8221; background_size=&#8221;initial&#8221; background_position=&#8221;top_left&#8221; background_repeat=&#8221;repeat&#8221; animation_style=&#8221;zoom&#8221; animation_direction=&#8221;left&#8221; animation_delay=&#8221;100ms&#8221; animation_intensity_zoom=&#8221;10%&#8221; global_colors_info=&#8221;{}&#8221;]<\/p>\n<p><strong>h 17.00<\/strong> <u>Tente entender o que tento dizer<\/u> (Brasil, 2018, 80&#8242;), dire\u00e7\u00e3o de Em\u00edlia Silveira. O cotidiano de 6 personagens soropositivos das mais variadas classes sociais, profiss\u00f5es, orienta\u00e7\u00f5es sexuais e religiosas. Um document\u00e1rio contra as barreiras impostas pelo HIV. Em contraponto \u00e0 desinforma\u00e7\u00e3o, mostra que a vida \u00e9 cheia de possibilidades e alternativas de qualquer maneira.<br \/>Document\u00e1rio em competi\u00e7\u00e3o.<\/p>\n<p>[\/et_pb_text][\/et_pb_column][\/et_pb_row][et_pb_row column_structure=&#8221;1_2,1_2&#8243; admin_label=&#8221;pacote&#8221; _builder_version=&#8221;4.16&#8243; background_size=&#8221;initial&#8221; background_position=&#8221;top_left&#8221; background_repeat=&#8221;repeat&#8221; global_colors_info=&#8221;{}&#8221;][et_pb_column type=&#8221;1_2&#8243; _builder_version=&#8221;4.16&#8243; custom_padding=&#8221;|||&#8221; global_colors_info=&#8221;{}&#8221; custom_padding__hover=&#8221;|||&#8221;][et_pb_image src=&#8221;https:\/\/vagaluna.it\/wp-content\/uploads\/2023\/06\/Schermata-2019-06-07-alle-17.05.18.png&#8221; title_text=&#8221;Schermata-2019-06-07-alle-17.05.18&#8243; align_tablet=&#8221;center&#8221; align_phone=&#8221;center&#8221; align_last_edited=&#8221;on|desktop&#8221; admin_label=&#8221;Package Image&#8221; _builder_version=&#8221;4.21.0&#8243; animation_style=&#8221;fold&#8221; animation_direction=&#8221;right&#8221; animation_intensity_fold=&#8221;20%&#8221; global_colors_info=&#8221;{}&#8221;][\/et_pb_image][\/et_pb_column][et_pb_column type=&#8221;1_2&#8243; _builder_version=&#8221;4.16&#8243; custom_padding=&#8221;|||&#8221; global_colors_info=&#8221;{}&#8221; custom_padding__hover=&#8221;|||&#8221;][et_pb_text admin_label=&#8221;Description&#8221; _builder_version=&#8221;4.21.0&#8243; text_font=&#8221;Roboto||||&#8221; text_font_size=&#8221;16px&#8221; text_line_height=&#8221;1.8em&#8221; background_size=&#8221;initial&#8221; background_position=&#8221;top_left&#8221; background_repeat=&#8221;repeat&#8221; animation_style=&#8221;zoom&#8221; animation_direction=&#8221;left&#8221; animation_delay=&#8221;100ms&#8221; animation_intensity_zoom=&#8221;10%&#8221; global_colors_info=&#8221;{}&#8221;]<\/p>\n<p><strong>h 19.00 <\/strong><u>Ayahuasca, expans\u00e3o da consci\u00eancia<\/u> (Brasil, 2018, 73&#8242;), dire\u00e7\u00e3o de Fausto Noro. A pol\u00eamica bebida &#8216;Ayahuasca&#8217;, contada atrav\u00e9s da experi\u00eancia pessoal do diretor. O document\u00e1rio traz uma vis\u00e3o cient\u00edfica, espiritual e antropol\u00f3gica do uso da &#8216;Ayahuasca&#8217;, desde sua origem na floresta amaz\u00f4nica at\u00e9 sua chegada aos grandes centros urbanos. Document\u00e1rio em competi\u00e7\u00e3o.<strong><br \/>O diretor de fotografia est\u00e1 presente.<\/strong><\/p>\n<p>[\/et_pb_text][\/et_pb_column][\/et_pb_row][et_pb_row column_structure=&#8221;1_2,1_2&#8243; admin_label=&#8221;pacote&#8221; _builder_version=&#8221;4.16&#8243; background_size=&#8221;initial&#8221; background_position=&#8221;top_left&#8221; background_repeat=&#8221;repeat&#8221; global_colors_info=&#8221;{}&#8221;][et_pb_column type=&#8221;1_2&#8243; _builder_version=&#8221;4.16&#8243; custom_padding=&#8221;|||&#8221; global_colors_info=&#8221;{}&#8221; custom_padding__hover=&#8221;|||&#8221;][et_pb_image src=&#8221;https:\/\/vagaluna.it\/wp-content\/uploads\/2023\/06\/Schermata-2019-06-07-alle-17.14.29-1024&#215;655-1.png&#8221; title_text=&#8221;Schermata-2019-06-07-alle-17.14.29-1024&#215;655&#8243; align_tablet=&#8221;center&#8221; align_phone=&#8221;center&#8221; align_last_edited=&#8221;on|desktop&#8221; admin_label=&#8221;Package Image&#8221; _builder_version=&#8221;4.21.0&#8243; animation_style=&#8221;fold&#8221; animation_direction=&#8221;right&#8221; animation_intensity_fold=&#8221;20%&#8221; global_colors_info=&#8221;{}&#8221;][\/et_pb_image][\/et_pb_column][et_pb_column type=&#8221;1_2&#8243; _builder_version=&#8221;4.16&#8243; custom_padding=&#8221;|||&#8221; global_colors_info=&#8221;{}&#8221; custom_padding__hover=&#8221;|||&#8221;][et_pb_text admin_label=&#8221;Description&#8221; _builder_version=&#8221;4.21.0&#8243; text_font=&#8221;Roboto||||&#8221; text_font_size=&#8221;16px&#8221; text_line_height=&#8221;1.8em&#8221; background_size=&#8221;initial&#8221; background_position=&#8221;top_left&#8221; background_repeat=&#8221;repeat&#8221; animation_style=&#8221;zoom&#8221; animation_direction=&#8221;left&#8221; animation_delay=&#8221;100ms&#8221; animation_intensity_zoom=&#8221;10%&#8221; global_colors_info=&#8221;{}&#8221;]<\/p>\n<p><strong>h 21.00 <\/strong><u>Inferninho<\/u> (Brasil, 2018, 82&#8242;) dire\u00e7\u00e3o de Guto Parente e Pedro Di\u00f3genes. Deusimar \u00e9 o dono da boate &#8216;Inferninho&#8217;, um lugar onde espreitam desejos e sonhos n\u00e3o realizados. Deusimar sonha em deixar tudo para tr\u00e1s e partir, enquanto Jarbas, o marinheiro rec\u00e9m-chegado, sonha em lan\u00e7ar \u00e2ncora e criar ra\u00edzes. O amor entre os dois vai transformar completamente a vida do clube. Com Yuri Yamamoto, Demick Lopes, Samya de Lavor, Rafael Martins, Tatiana Amorim, Paulo Ess, Galba Nogueira, Pedro Domingues e Gustavo Lopes. Multipremiado no Festival Internacional de Cinema Janela do Recife, Festival Queer Lisboa e Festival Internacional de Cinema do Rio de Janeiro.<br \/>Filmes em competi\u00e7\u00e3o.<\/p>\n<p>[\/et_pb_text][\/et_pb_column][\/et_pb_row][et_pb_row admin_label=&#8221;pacote&#8221; _builder_version=&#8221;4.16&#8243; background_size=&#8221;initial&#8221; background_position=&#8221;top_left&#8221; background_repeat=&#8221;repeat&#8221; global_colors_info=&#8221;{}&#8221;][et_pb_column type=&#8221;4_4&#8243; _builder_version=&#8221;4.16&#8243; custom_padding=&#8221;|||&#8221; global_colors_info=&#8221;{}&#8221; custom_padding__hover=&#8221;|||&#8221;][et_pb_text admin_label=&#8221;Package Title&#8221; _builder_version=&#8221;4.21.0&#8243; text_font=&#8221;Oswald||||&#8221; text_text_color=&#8221;#6b0008&#8243; text_font_size=&#8221;24px&#8221; background_size=&#8221;initial&#8221; background_position=&#8221;top_left&#8221; background_repeat=&#8221;repeat&#8221; animation_style=&#8221;zoom&#8221; animation_direction=&#8221;left&#8221; animation_intensity_zoom=&#8221;10%&#8221; global_colors_info=&#8221;{}&#8221;]<\/p>\n<p>quarta-feira, 10 de julho<\/p>\n<p>[\/et_pb_text][\/et_pb_column][\/et_pb_row][et_pb_row column_structure=&#8221;1_2,1_2&#8243; admin_label=&#8221;pacote&#8221; _builder_version=&#8221;4.16&#8243; background_size=&#8221;initial&#8221; background_position=&#8221;top_left&#8221; background_repeat=&#8221;repeat&#8221; global_colors_info=&#8221;{}&#8221;][et_pb_column type=&#8221;1_2&#8243; _builder_version=&#8221;4.16&#8243; custom_padding=&#8221;|||&#8221; global_colors_info=&#8221;{}&#8221; custom_padding__hover=&#8221;|||&#8221;][et_pb_image src=&#8221;https:\/\/vagaluna.it\/wp-content\/uploads\/2023\/06\/avesso-1024&#215;678-1.jpg&#8221; title_text=&#8221;avesso-1024&#215;678&#8243; align_tablet=&#8221;center&#8221; align_phone=&#8221;center&#8221; align_last_edited=&#8221;on|desktop&#8221; admin_label=&#8221;Package Image&#8221; _builder_version=&#8221;4.21.0&#8243; animation_style=&#8221;fold&#8221; animation_direction=&#8221;right&#8221; animation_intensity_fold=&#8221;20%&#8221; global_colors_info=&#8221;{}&#8221;][\/et_pb_image][\/et_pb_column][et_pb_column type=&#8221;1_2&#8243; _builder_version=&#8221;4.16&#8243; custom_padding=&#8221;|||&#8221; global_colors_info=&#8221;{}&#8221; custom_padding__hover=&#8221;|||&#8221;][et_pb_text admin_label=&#8221;Description&#8221; _builder_version=&#8221;4.21.0&#8243; text_font=&#8221;Roboto||||&#8221; text_font_size=&#8221;16px&#8221; text_line_height=&#8221;1.8em&#8221; background_size=&#8221;initial&#8221; background_position=&#8221;top_left&#8221; background_repeat=&#8221;repeat&#8221; animation_style=&#8221;zoom&#8221; animation_direction=&#8221;left&#8221; animation_delay=&#8221;100ms&#8221; animation_intensity_zoom=&#8221;10%&#8221; global_colors_info=&#8221;{}&#8221;]<\/p>\n<p><strong>h 17.00<\/strong> <strong>Sele\u00e7\u00e3o de Curtas Metragens <\/strong>em colabora\u00e7\u00e3o com o FESTin \u2013 festival itinerante de cinema dedicado \u00e0 Lusofonia, com produ\u00e7\u00f5es do Brasil e de Portugal.<strong><br \/>A Casa Amarela (<\/strong>Portugal, 2018, 7&#8242;) de Ana Lopes.<strong><br \/>A mulher que eu era (<\/strong>Brasil, 2018, 11&#8242;) dirigido por Karen Suzane<strong><br \/>\u00c0s vezes sou pessoa, \u00e0s vezes sou dinossauro (<\/strong>Portugal, 2018, 14&#8242;) de Rosana Soares<strong><br \/>Avesso (<\/strong>Portugal \/ Brasil, 2018, 9&#8242;) de Francisco Colombo<strong><br \/>A Viagem de \u00cdcaro (<\/strong>Brasil, 2018, 19&#8242;) de Kaco Olimpio e Larissa Fernandes<strong><br \/>Bruma (P<\/strong>ortugal, 2018, 6\u2019) dirigido por S. Cachim, G. Peixoto, M. Correia, D. Santos<strong><br \/>Grito (<\/strong>Brasil, 2018, 6\u2019) Dire\u00e7\u00e3o de Luiz Cassol<strong><br \/>Ruptura (<\/strong>Portugal, 2018, 15\u2019) Dire\u00e7\u00e3o de Gon\u00e7alo Santos<\/p>\n<p>[\/et_pb_text][\/et_pb_column][\/et_pb_row][et_pb_row column_structure=&#8221;1_2,1_2&#8243; admin_label=&#8221;pacote&#8221; _builder_version=&#8221;4.16&#8243; background_size=&#8221;initial&#8221; background_position=&#8221;top_left&#8221; background_repeat=&#8221;repeat&#8221; global_colors_info=&#8221;{}&#8221;][et_pb_column type=&#8221;1_2&#8243; _builder_version=&#8221;4.16&#8243; custom_padding=&#8221;|||&#8221; global_colors_info=&#8221;{}&#8221; custom_padding__hover=&#8221;|||&#8221;][et_pb_image src=&#8221;https:\/\/vagaluna.it\/wp-content\/uploads\/2023\/06\/aurora_bassa1-1024&#215;683-1.jpg&#8221; title_text=&#8221;aurora_bassa1-1024&#215;683&#8243; align_tablet=&#8221;center&#8221; align_phone=&#8221;center&#8221; align_last_edited=&#8221;on|desktop&#8221; admin_label=&#8221;Package Image&#8221; _builder_version=&#8221;4.21.0&#8243; animation_style=&#8221;fold&#8221; animation_direction=&#8221;right&#8221; animation_intensity_fold=&#8221;20%&#8221; global_colors_info=&#8221;{}&#8221;][\/et_pb_image][\/et_pb_column][et_pb_column type=&#8221;1_2&#8243; _builder_version=&#8221;4.16&#8243; custom_padding=&#8221;|||&#8221; global_colors_info=&#8221;{}&#8221; custom_padding__hover=&#8221;|||&#8221;][et_pb_text admin_label=&#8221;Description&#8221; _builder_version=&#8221;4.21.0&#8243; text_font=&#8221;Roboto||||&#8221; text_font_size=&#8221;16px&#8221; text_line_height=&#8221;1.8em&#8221; background_size=&#8221;initial&#8221; background_position=&#8221;top_left&#8221; background_repeat=&#8221;repeat&#8221; animation_style=&#8221;zoom&#8221; animation_direction=&#8221;left&#8221; animation_delay=&#8221;100ms&#8221; animation_intensity_zoom=&#8221;10%&#8221; global_colors_info=&#8221;{}&#8221;]<\/p>\n<p><strong>h 19.00 <\/strong><u>Aurora 1964<\/u> (Brasil, 2017, 106&#8242;), dire\u00e7\u00e3o Diego Di Niglio. Um pa\u00eds em plena crise democr\u00e1tica, marcado por conflitos pol\u00edticos e sociais, \u00e9 o pano de fundo da hist\u00f3ria dos personagens cuja vida foi marcada pelo regime militar instaurado ap\u00f3s o golpe de 1964. Um exerc\u00edcio de mem\u00f3ria que constr\u00f3i pontes na hist\u00f3ria brasileira dos s\u00e9culos XX e XXI. Pr\u00eamio de melhor roteiro na 2\u00aa edi\u00e7\u00e3o da Mostra Sesc Nacional de Cinema.<br \/>Document\u00e1rio em competi\u00e7\u00e3o.<strong><br \/>O diretor est\u00e1 presente.<\/strong><\/p>\n<p>[\/et_pb_text][\/et_pb_column][\/et_pb_row][et_pb_row column_structure=&#8221;1_2,1_2&#8243; admin_label=&#8221;pacote&#8221; _builder_version=&#8221;4.16&#8243; background_size=&#8221;initial&#8221; background_position=&#8221;top_left&#8221; background_repeat=&#8221;repeat&#8221; global_colors_info=&#8221;{}&#8221;][et_pb_column type=&#8221;1_2&#8243; _builder_version=&#8221;4.16&#8243; custom_padding=&#8221;|||&#8221; global_colors_info=&#8221;{}&#8221; custom_padding__hover=&#8221;|||&#8221;][et_pb_image src=&#8221;https:\/\/vagaluna.it\/wp-content\/uploads\/2023\/06\/o-banquete_bassa2.png&#8221; title_text=&#8221;o-banquete_bassa2&#8243; align_tablet=&#8221;center&#8221; align_phone=&#8221;center&#8221; align_last_edited=&#8221;on|desktop&#8221; admin_label=&#8221;Package Image&#8221; _builder_version=&#8221;4.21.0&#8243; animation_style=&#8221;fold&#8221; animation_direction=&#8221;right&#8221; animation_intensity_fold=&#8221;20%&#8221; global_colors_info=&#8221;{}&#8221;][\/et_pb_image][\/et_pb_column][et_pb_column type=&#8221;1_2&#8243; _builder_version=&#8221;4.16&#8243; custom_padding=&#8221;|||&#8221; global_colors_info=&#8221;{}&#8221; custom_padding__hover=&#8221;|||&#8221;][et_pb_text admin_label=&#8221;Description&#8221; _builder_version=&#8221;4.21.0&#8243; text_font=&#8221;Roboto||||&#8221; text_font_size=&#8221;16px&#8221; text_line_height=&#8221;1.8em&#8221; background_size=&#8221;initial&#8221; background_position=&#8221;top_left&#8221; background_repeat=&#8221;repeat&#8221; animation_style=&#8221;zoom&#8221; animation_direction=&#8221;left&#8221; animation_delay=&#8221;100ms&#8221; animation_intensity_zoom=&#8221;10%&#8221; global_colors_info=&#8221;{}&#8221;]<\/p>\n<p><strong>h 21.30 <\/strong><u>O banquete <\/u>(Brasil, 2018, 104&#8242;) dire\u00e7\u00e3o de Daniela Thomas. Em um jantar com amigos para comemorar seu anivers\u00e1rio de casamento, um poderoso editor corre o risco de ser preso por publicar uma carta aberta com s\u00e9rias den\u00fancias contra o presidente de seu pa\u00eds. Jogos de poder, erotismo e reviravoltas s\u00e3o servidos e o jantar pode revelar-se uma armadilha. Com Drica Moraes, Mariana Lima, Caco Ciocler, Rodrigo Bolzan, Fabiana Gugli, Gustavo Machado, Chay, Bruna Linzmeyer, Georgette Fadel.<br \/>Filmes em competi\u00e7\u00e3o.<\/p>\n<p>[\/et_pb_text][\/et_pb_column][\/et_pb_row][et_pb_row admin_label=&#8221;pacote&#8221; _builder_version=&#8221;4.16&#8243; background_size=&#8221;initial&#8221; background_position=&#8221;top_left&#8221; background_repeat=&#8221;repeat&#8221; global_colors_info=&#8221;{}&#8221;][et_pb_column type=&#8221;4_4&#8243; _builder_version=&#8221;4.16&#8243; custom_padding=&#8221;|||&#8221; global_colors_info=&#8221;{}&#8221; custom_padding__hover=&#8221;|||&#8221;][et_pb_text admin_label=&#8221;Package Title&#8221; _builder_version=&#8221;4.21.0&#8243; text_font=&#8221;Oswald||||&#8221; text_text_color=&#8221;#6b0008&#8243; text_font_size=&#8221;24px&#8221; background_size=&#8221;initial&#8221; background_position=&#8221;top_left&#8221; background_repeat=&#8221;repeat&#8221; animation_style=&#8221;zoom&#8221; animation_direction=&#8221;left&#8221; animation_intensity_zoom=&#8221;10%&#8221; global_colors_info=&#8221;{}&#8221;]<\/p>\n<p>Quinta-feira, 11 de julho<\/p>\n<p>[\/et_pb_text][\/et_pb_column][\/et_pb_row][et_pb_row column_structure=&#8221;1_2,1_2&#8243; admin_label=&#8221;pacote&#8221; _builder_version=&#8221;4.16&#8243; background_size=&#8221;initial&#8221; background_position=&#8221;top_left&#8221; background_repeat=&#8221;repeat&#8221; global_colors_info=&#8221;{}&#8221;][et_pb_column type=&#8221;1_2&#8243; _builder_version=&#8221;4.16&#8243; custom_padding=&#8221;|||&#8221; global_colors_info=&#8221;{}&#8221; custom_padding__hover=&#8221;|||&#8221;][et_pb_image src=&#8221;https:\/\/vagaluna.it\/wp-content\/uploads\/2023\/06\/Krenak_bassa2-1024&#215;576-1.jpg&#8221; title_text=&#8221;Krenak_bassa2-1024&#215;576&#8243; align_tablet=&#8221;center&#8221; align_phone=&#8221;center&#8221; align_last_edited=&#8221;on|desktop&#8221; admin_label=&#8221;Package Image&#8221; _builder_version=&#8221;4.21.0&#8243; animation_style=&#8221;fold&#8221; animation_direction=&#8221;right&#8221; animation_intensity_fold=&#8221;20%&#8221; global_colors_info=&#8221;{}&#8221;][\/et_pb_image][\/et_pb_column][et_pb_column type=&#8221;1_2&#8243; _builder_version=&#8221;4.16&#8243; custom_padding=&#8221;|||&#8221; global_colors_info=&#8221;{}&#8221; custom_padding__hover=&#8221;|||&#8221;][et_pb_text admin_label=&#8221;Description&#8221; _builder_version=&#8221;4.21.0&#8243; text_font=&#8221;Roboto||||&#8221; text_font_size=&#8221;16px&#8221; text_line_height=&#8221;1.8em&#8221; background_size=&#8221;initial&#8221; background_position=&#8221;top_left&#8221; background_repeat=&#8221;repeat&#8221; animation_style=&#8221;zoom&#8221; animation_direction=&#8221;left&#8221; animation_delay=&#8221;100ms&#8221; animation_intensity_zoom=&#8221;10%&#8221; global_colors_info=&#8221;{}&#8221;]<\/p>\n<p><strong>h 17.00<\/strong> <u>Krenak <\/u>(Brasil, 2017, 74&#8242;) dire\u00e7\u00e3o Rog\u00e9rio Corr\u00eaa. O filme conta a hist\u00f3ria da resist\u00eancia do povo ind\u00edgena Krenak desde 1808, data da chegada de Dom Jo\u00e3o VI ao Brasil, at\u00e9 o desastre ambiental do Rio Doce, causado pelo rompimento de uma barragem de lama e minerais em Mariana em 2015 . Vencedor do pr\u00e9mio Olhares e Enquadramentos do Rios Festival de Lisboa 2018.<\/p>\n<p>[\/et_pb_text][\/et_pb_column][\/et_pb_row][et_pb_row column_structure=&#8221;1_2,1_2&#8243; admin_label=&#8221;pacote&#8221; _builder_version=&#8221;4.16&#8243; background_size=&#8221;initial&#8221; background_position=&#8221;top_left&#8221; background_repeat=&#8221;repeat&#8221; global_colors_info=&#8221;{}&#8221;][et_pb_column type=&#8221;1_2&#8243; _builder_version=&#8221;4.16&#8243; custom_padding=&#8221;|||&#8221; global_colors_info=&#8221;{}&#8221; custom_padding__hover=&#8221;|||&#8221;][et_pb_image src=&#8221;https:\/\/vagaluna.it\/wp-content\/uploads\/2023\/06\/Schermata-2019-06-07-alle-21.17.36.png&#8221; title_text=&#8221;Schermata-2019-06-07-alle-21.17.36&#8243; align_tablet=&#8221;center&#8221; align_phone=&#8221;center&#8221; align_last_edited=&#8221;on|desktop&#8221; admin_label=&#8221;Package Image&#8221; _builder_version=&#8221;4.21.0&#8243; animation_style=&#8221;fold&#8221; animation_direction=&#8221;right&#8221; animation_intensity_fold=&#8221;20%&#8221; global_colors_info=&#8221;{}&#8221;][\/et_pb_image][\/et_pb_column][et_pb_column type=&#8221;1_2&#8243; _builder_version=&#8221;4.16&#8243; custom_padding=&#8221;|||&#8221; global_colors_info=&#8221;{}&#8221; custom_padding__hover=&#8221;|||&#8221;][et_pb_text admin_label=&#8221;Description&#8221; _builder_version=&#8221;4.21.0&#8243; text_font=&#8221;Roboto||||&#8221; text_font_size=&#8221;16px&#8221; text_line_height=&#8221;1.8em&#8221; background_size=&#8221;initial&#8221; background_position=&#8221;top_left&#8221; background_repeat=&#8221;repeat&#8221; animation_style=&#8221;zoom&#8221; animation_direction=&#8221;left&#8221; animation_delay=&#8221;100ms&#8221; animation_intensity_zoom=&#8221;10%&#8221; global_colors_info=&#8221;{}&#8221;]<\/p>\n<p><strong>h 19.00<\/strong> <u>Yonlu<\/u> (Brasil, 2017, 88&#8242;) dire\u00e7\u00e3o de Hique Montanari. Vin\u00edcius, vulgo Yonlu, fala quatro idiomas, desenha, escreve poesia em ingl\u00eas e \u00e9 muito popular com suas m\u00fasicas na internet. Por\u00e9m, sente-se inadequado e incapaz de enfrentar a vida e aos 16 anos, em um momento de extrema fragilidade, busca o apoio de um grupo de internautas em um site especializado em estrat\u00e9gias suicidas. Com Thalles Cabral, Nelson Diniz, Liane Venturella, Leonardo Machado. Melhor Filme Brasileiro no Festival Internacional de Cinema de S\u00e3o Paulo em 2017; Pr\u00eamio de Melhor Filme e Imprensa no 9\u00ba Festival Internacional de Cinema de Bag\u00e9 do Cinema da Fronteira em 2017 e Pr\u00eamio Abraccine de Melhor Filme Brasileiro em 2017; premiado no New Renaissance Film Festival Amsterdam 2019.<br \/>Filmes em competi\u00e7\u00e3o.<\/p>\n<p>[\/et_pb_text][\/et_pb_column][\/et_pb_row][et_pb_row column_structure=&#8221;1_2,1_2&#8243; admin_label=&#8221;pacote&#8221; _builder_version=&#8221;4.16&#8243; background_size=&#8221;initial&#8221; background_position=&#8221;top_left&#8221; background_repeat=&#8221;repeat&#8221; global_colors_info=&#8221;{}&#8221;][et_pb_column type=&#8221;1_2&#8243; _builder_version=&#8221;4.16&#8243; custom_padding=&#8221;|||&#8221; global_colors_info=&#8221;{}&#8221; custom_padding__hover=&#8221;|||&#8221;][et_pb_image src=&#8221;https:\/\/vagaluna.it\/wp-content\/uploads\/2023\/06\/Schermata-2019-06-07-alle-21.21.12.png&#8221; title_text=&#8221;Schermata-2019-06-07-alle-21.21.12&#8243; align_tablet=&#8221;center&#8221; align_phone=&#8221;center&#8221; align_last_edited=&#8221;on|desktop&#8221; admin_label=&#8221;Package Image&#8221; _builder_version=&#8221;4.21.0&#8243; animation_style=&#8221;fold&#8221; animation_direction=&#8221;right&#8221; animation_intensity_fold=&#8221;20%&#8221; global_colors_info=&#8221;{}&#8221;][\/et_pb_image][\/et_pb_column][et_pb_column type=&#8221;1_2&#8243; _builder_version=&#8221;4.16&#8243; custom_padding=&#8221;|||&#8221; global_colors_info=&#8221;{}&#8221; custom_padding__hover=&#8221;|||&#8221;][et_pb_text admin_label=&#8221;Description&#8221; _builder_version=&#8221;4.21.0&#8243; text_font=&#8221;Roboto||||&#8221; text_font_size=&#8221;16px&#8221; text_line_height=&#8221;1.8em&#8221; background_size=&#8221;initial&#8221; background_position=&#8221;top_left&#8221; background_repeat=&#8221;repeat&#8221; animation_style=&#8221;zoom&#8221; animation_direction=&#8221;left&#8221; animation_delay=&#8221;100ms&#8221; animation_intensity_zoom=&#8221;10%&#8221; global_colors_info=&#8221;{}&#8221;]<\/p>\n<p><strong>h 21.00<\/strong> <u>Bei\u00e7o de estrada<\/u> (Brasil, 2018, 105&#8242;) dire\u00e7\u00e3o de Eli\u00e8zer Rolim. No Nordeste r\u00fastico, arido e selvagem do Brasil, Madame Lili \u00e9 dona de um antigo bordel, Bei\u00e7o de Estrada, pomba teve suas tr\u00eas filhas prostitu\u00eddas. Agora \u00e9 av\u00f3 de dois netos e para eles ambiciona uma vida diferente e melhor que a das m\u00e3es, mas a chegada de um antigo visitante vai iniciar um novo ciclo para o Bei\u00e7o de Estrada. Com Darlene Gl\u00f3ria, Jackson Antunes, Mayana Neiva, Luana Valentim, Rique Messias. Multipremiado no Festival de Cinema de Aruanda-Jo\u00e3o Pessoa.<br \/>Film in concorso.<strong><br \/>O diretor e o produtor est\u00e3o presentes.<\/strong><\/p>\n<p>[\/et_pb_text][\/et_pb_column][\/et_pb_row][et_pb_row admin_label=&#8221;pacote&#8221; _builder_version=&#8221;4.16&#8243; background_size=&#8221;initial&#8221; background_position=&#8221;top_left&#8221; background_repeat=&#8221;repeat&#8221; global_colors_info=&#8221;{}&#8221;][et_pb_column type=&#8221;4_4&#8243; _builder_version=&#8221;4.16&#8243; custom_padding=&#8221;|||&#8221; global_colors_info=&#8221;{}&#8221; custom_padding__hover=&#8221;|||&#8221;][et_pb_text admin_label=&#8221;Package Title&#8221; _builder_version=&#8221;4.21.0&#8243; text_font=&#8221;Oswald||||&#8221; text_text_color=&#8221;#6b0008&#8243; text_font_size=&#8221;24px&#8221; background_size=&#8221;initial&#8221; background_position=&#8221;top_left&#8221; background_repeat=&#8221;repeat&#8221; animation_style=&#8221;zoom&#8221; animation_direction=&#8221;left&#8221; animation_intensity_zoom=&#8221;10%&#8221; global_colors_info=&#8221;{}&#8221;]<\/p>\n<p>sexta-feira, 12 de julho<\/p>\n<p>[\/et_pb_text][\/et_pb_column][\/et_pb_row][et_pb_row column_structure=&#8221;1_2,1_2&#8243; admin_label=&#8221;pacote&#8221; _builder_version=&#8221;4.16&#8243; background_size=&#8221;initial&#8221; background_position=&#8221;top_left&#8221; background_repeat=&#8221;repeat&#8221; global_colors_info=&#8221;{}&#8221;][et_pb_column type=&#8221;1_2&#8243; _builder_version=&#8221;4.16&#8243; custom_padding=&#8221;|||&#8221; global_colors_info=&#8221;{}&#8221; custom_padding__hover=&#8221;|||&#8221;][et_pb_image src=&#8221;https:\/\/vagaluna.it\/wp-content\/uploads\/2023\/06\/Schermata-2019-06-07-alle-21.29.29-1024&#215;612-1.png&#8221; title_text=&#8221;Schermata-2019-06-07-alle-21.29.29-1024&#215;612&#8243; align_tablet=&#8221;center&#8221; align_phone=&#8221;center&#8221; align_last_edited=&#8221;on|desktop&#8221; admin_label=&#8221;Package Image&#8221; _builder_version=&#8221;4.21.0&#8243; animation_style=&#8221;fold&#8221; animation_direction=&#8221;right&#8221; animation_intensity_fold=&#8221;20%&#8221; global_colors_info=&#8221;{}&#8221;][\/et_pb_image][\/et_pb_column][et_pb_column type=&#8221;1_2&#8243; _builder_version=&#8221;4.16&#8243; custom_padding=&#8221;|||&#8221; global_colors_info=&#8221;{}&#8221; custom_padding__hover=&#8221;|||&#8221;][et_pb_text admin_label=&#8221;Description&#8221; _builder_version=&#8221;4.21.0&#8243; text_font=&#8221;Roboto||||&#8221; text_font_size=&#8221;16px&#8221; text_line_height=&#8221;1.8em&#8221; background_size=&#8221;initial&#8221; background_position=&#8221;top_left&#8221; background_repeat=&#8221;repeat&#8221; animation_style=&#8221;zoom&#8221; animation_direction=&#8221;left&#8221; animation_delay=&#8221;100ms&#8221; animation_intensity_zoom=&#8221;10%&#8221; global_colors_info=&#8221;{}&#8221;]<\/p>\n<p><strong>h 17.00<\/strong> <u>Soldados do Araguaia<\/u> (Brasil, 2017, 72&#8242;), dire\u00e7\u00e3o de Belisario Franca. IO document\u00e1rio d\u00e1 voz pela primeira vez aos ex-soldados do ex\u00e9rcito brasileiro que travaram as sangrentas batalhas do <em>Guerrilha do Araguaia<\/em> durante os anos da ditadura militar. Do alistamento em pequenas comunidades rurais ao afastamento do ex\u00e9rcito ap\u00f3s o exterm\u00ednio de ativistas do Partido Comunista, a hist\u00f3ria dos ex-soldados traz \u00e0 tona uma p\u00e1gina oculta da hist\u00f3ria recente do Brasil. Vencedor do Pr\u00eamio Nacional de Direitos Humanos na categoria document\u00e1rio.<br \/>Document\u00e1rio em competi\u00e7\u00e3o.<\/p>\n<p>[\/et_pb_text][\/et_pb_column][\/et_pb_row][et_pb_row column_structure=&#8221;1_2,1_2&#8243; admin_label=&#8221;pacote&#8221; _builder_version=&#8221;4.16&#8243; background_size=&#8221;initial&#8221; background_position=&#8221;top_left&#8221; background_repeat=&#8221;repeat&#8221; global_colors_info=&#8221;{}&#8221;][et_pb_column type=&#8221;1_2&#8243; _builder_version=&#8221;4.16&#8243; custom_padding=&#8221;|||&#8221; global_colors_info=&#8221;{}&#8221; custom_padding__hover=&#8221;|||&#8221;][et_pb_image src=&#8221;https:\/\/vagaluna.it\/wp-content\/uploads\/2023\/06\/Schermata-2019-06-07-alle-21.32.52-1024&#215;645-1.png&#8221; title_text=&#8221;Schermata-2019-06-07-alle-21.32.52-1024&#215;645&#8243; align_tablet=&#8221;center&#8221; align_phone=&#8221;center&#8221; align_last_edited=&#8221;on|desktop&#8221; admin_label=&#8221;Package Image&#8221; _builder_version=&#8221;4.21.0&#8243; animation_style=&#8221;fold&#8221; animation_direction=&#8221;right&#8221; animation_intensity_fold=&#8221;20%&#8221; global_colors_info=&#8221;{}&#8221;][\/et_pb_image][\/et_pb_column][et_pb_column type=&#8221;1_2&#8243; _builder_version=&#8221;4.16&#8243; custom_padding=&#8221;|||&#8221; global_colors_info=&#8221;{}&#8221; custom_padding__hover=&#8221;|||&#8221;][et_pb_text admin_label=&#8221;Description&#8221; _builder_version=&#8221;4.21.0&#8243; text_font=&#8221;Roboto||||&#8221; text_font_size=&#8221;16px&#8221; text_line_height=&#8221;1.8em&#8221; background_size=&#8221;initial&#8221; background_position=&#8221;top_left&#8221; background_repeat=&#8221;repeat&#8221; animation_style=&#8221;zoom&#8221; animation_direction=&#8221;left&#8221; animation_delay=&#8221;100ms&#8221; animation_intensity_zoom=&#8221;10%&#8221; global_colors_info=&#8221;{}&#8221;]<\/p>\n<p><strong>h 19.00<\/strong> <u>Sem descanso<\/u> (Brasil, 2018, 78&#8242;) dire\u00e7\u00e3o de Bernard Attal. agosto de 2014. Jeov\u00e1, um jovem do sub\u00farbio de Salvador, na Bahia, \u00e9 parado pela Pol\u00edcia Militar em plena luz do dia e desaparece. O pai, com a ajuda do jornal local, n\u00e3o vai desistir at\u00e9 encontrar o filho. Vencedor do Pr\u00eamio OAB de Jornalismo.<br \/>Document\u00e1rio em competi\u00e7\u00e3o.<br \/><strong>O diretor est\u00e1 presente.<\/strong><\/p>\n<p>[\/et_pb_text][\/et_pb_column][\/et_pb_row][et_pb_row column_structure=&#8221;1_2,1_2&#8243; admin_label=&#8221;pacote&#8221; _builder_version=&#8221;4.16&#8243; background_size=&#8221;initial&#8221; background_position=&#8221;top_left&#8221; background_repeat=&#8221;repeat&#8221; global_colors_info=&#8221;{}&#8221;][et_pb_column type=&#8221;1_2&#8243; _builder_version=&#8221;4.16&#8243; custom_padding=&#8221;|||&#8221; global_colors_info=&#8221;{}&#8221; custom_padding__hover=&#8221;|||&#8221;][et_pb_image src=&#8221;https:\/\/vagaluna.it\/wp-content\/uploads\/2023\/06\/Schermata-2019-06-07-alle-21.35.56-1024&#215;614-1.png&#8221; title_text=&#8221;Schermata-2019-06-07-alle-21.35.56-1024&#215;614&#8243; align_tablet=&#8221;center&#8221; align_phone=&#8221;center&#8221; align_last_edited=&#8221;on|desktop&#8221; admin_label=&#8221;Package Image&#8221; _builder_version=&#8221;4.21.0&#8243; animation_style=&#8221;fold&#8221; animation_direction=&#8221;right&#8221; animation_intensity_fold=&#8221;20%&#8221; global_colors_info=&#8221;{}&#8221;][\/et_pb_image][\/et_pb_column][et_pb_column type=&#8221;1_2&#8243; _builder_version=&#8221;4.16&#8243; custom_padding=&#8221;|||&#8221; global_colors_info=&#8221;{}&#8221; custom_padding__hover=&#8221;|||&#8221;][et_pb_text admin_label=&#8221;Description&#8221; _builder_version=&#8221;4.21.0&#8243; text_font=&#8221;Roboto||||&#8221; text_font_size=&#8221;16px&#8221; text_line_height=&#8221;1.8em&#8221; background_size=&#8221;initial&#8221; background_position=&#8221;top_left&#8221; background_repeat=&#8221;repeat&#8221; animation_style=&#8221;zoom&#8221; animation_direction=&#8221;left&#8221; animation_delay=&#8221;100ms&#8221; animation_intensity_zoom=&#8221;10%&#8221; global_colors_info=&#8221;{}&#8221;]<\/p>\n<p><strong>h 21.00<\/strong> <u>Alguma coisa assim<\/u> (Brasil\/Alemanha, 2017, 80&#8242;) dire\u00e7\u00e3o Esmir Filho e Mariana Bastos. O filme traz a hist\u00f3ria de Caio e Mari, dois jovens cuja rela\u00e7\u00e3o cabe a qualquer defini\u00e7\u00e3o. A trama se estende por um per\u00edodo de 10 anos, em diferentes pontos no tempo em que seus desejos divergem e seu relacionamento \u00e9 tenso. Uma reflex\u00e3o sobre a sexualidade, os r\u00f3tulos e como o tempo marca e transforma os encontros. O filme foi desenvolvido a partir do curta-metragem de mesmo nome, premiado na 45\u00aa Semana da Cr\u00edtica do Festival de Cannes em 2006 e \u00e9 feito com os mesmos atores do curta-metragem. Com Caroline Abras, Andr\u00e9 Antunes, Clemens Schick, Juliane Elting e Knut Berger.<br \/>Filmes em competi\u00e7\u00e3o.<\/p>\n<p>[\/et_pb_text][\/et_pb_column][\/et_pb_row][et_pb_row admin_label=&#8221;pacote&#8221; _builder_version=&#8221;4.16&#8243; background_size=&#8221;initial&#8221; background_position=&#8221;top_left&#8221; background_repeat=&#8221;repeat&#8221; global_colors_info=&#8221;{}&#8221;][et_pb_column type=&#8221;4_4&#8243; _builder_version=&#8221;4.16&#8243; custom_padding=&#8221;|||&#8221; global_colors_info=&#8221;{}&#8221; custom_padding__hover=&#8221;|||&#8221;][et_pb_text admin_label=&#8221;Package Title&#8221; _builder_version=&#8221;4.21.0&#8243; text_font=&#8221;Oswald||||&#8221; text_text_color=&#8221;#6b0008&#8243; text_font_size=&#8221;24px&#8221; background_size=&#8221;initial&#8221; background_position=&#8221;top_left&#8221; background_repeat=&#8221;repeat&#8221; animation_style=&#8221;zoom&#8221; animation_direction=&#8221;left&#8221; animation_intensity_zoom=&#8221;10%&#8221; global_colors_info=&#8221;{}&#8221;]<\/p>\n<p>s\u00e1bado, 13 de julho<\/p>\n<p>[\/et_pb_text][\/et_pb_column][\/et_pb_row][et_pb_row column_structure=&#8221;1_2,1_2&#8243; admin_label=&#8221;pacote&#8221; _builder_version=&#8221;4.16&#8243; background_size=&#8221;initial&#8221; background_position=&#8221;top_left&#8221; background_repeat=&#8221;repeat&#8221; global_colors_info=&#8221;{}&#8221;][et_pb_column type=&#8221;1_2&#8243; _builder_version=&#8221;4.16&#8243; custom_padding=&#8221;|||&#8221; global_colors_info=&#8221;{}&#8221; custom_padding__hover=&#8221;|||&#8221;][et_pb_image src=&#8221;https:\/\/vagaluna.it\/wp-content\/uploads\/2023\/06\/Schermata-2019-06-07-alle-21.46.59-1024&#215;639-1.png&#8221; title_text=&#8221;Schermata-2019-06-07-alle-21.46.59-1024&#215;639&#8243; align_tablet=&#8221;center&#8221; align_phone=&#8221;center&#8221; align_last_edited=&#8221;on|desktop&#8221; admin_label=&#8221;Package Image&#8221; _builder_version=&#8221;4.21.0&#8243; animation_style=&#8221;fold&#8221; animation_direction=&#8221;right&#8221; animation_intensity_fold=&#8221;20%&#8221; global_colors_info=&#8221;{}&#8221;][\/et_pb_image][\/et_pb_column][et_pb_column type=&#8221;1_2&#8243; _builder_version=&#8221;4.16&#8243; custom_padding=&#8221;|||&#8221; global_colors_info=&#8221;{}&#8221; custom_padding__hover=&#8221;|||&#8221;][et_pb_text admin_label=&#8221;Description&#8221; _builder_version=&#8221;4.21.0&#8243; text_font=&#8221;Roboto||||&#8221; text_font_size=&#8221;16px&#8221; text_line_height=&#8221;1.8em&#8221; background_size=&#8221;initial&#8221; background_position=&#8221;top_left&#8221; background_repeat=&#8221;repeat&#8221; animation_style=&#8221;zoom&#8221; animation_direction=&#8221;left&#8221; animation_delay=&#8221;100ms&#8221; animation_intensity_zoom=&#8221;10%&#8221; global_colors_info=&#8221;{}&#8221;]<\/p>\n<p><strong>h 15.00 <\/strong><strong>Sele\u00e7\u00e3o de Curtas Metragens <\/strong>em colabora\u00e7\u00e3o com o FESTin \u2013 festival itinerante de cinema dedicado \u00e0 Lusofonia, com produ\u00e7\u00f5es do Brasil e de Portugal. Veja quarta-feira, 10 de julho, \u00e0s 17h00.<\/p>\n<p>[\/et_pb_text][\/et_pb_column][\/et_pb_row][et_pb_row column_structure=&#8221;1_2,1_2&#8243; admin_label=&#8221;pacote&#8221; _builder_version=&#8221;4.16&#8243; background_size=&#8221;initial&#8221; background_position=&#8221;top_left&#8221; background_repeat=&#8221;repeat&#8221; global_colors_info=&#8221;{}&#8221;][et_pb_column type=&#8221;1_2&#8243; _builder_version=&#8221;4.16&#8243; custom_padding=&#8221;|||&#8221; global_colors_info=&#8221;{}&#8221; custom_padding__hover=&#8221;|||&#8221;][et_pb_image src=&#8221;https:\/\/vagaluna.it\/wp-content\/uploads\/2023\/06\/Schermata-2019-06-07-alle-22.13.55.png&#8221; title_text=&#8221;Schermata-2019-06-07-alle-22.13.55&#8243; align_tablet=&#8221;center&#8221; align_phone=&#8221;center&#8221; align_last_edited=&#8221;on|desktop&#8221; admin_label=&#8221;Package Image&#8221; _builder_version=&#8221;4.21.0&#8243; animation_style=&#8221;fold&#8221; animation_direction=&#8221;right&#8221; animation_intensity_fold=&#8221;20%&#8221; global_colors_info=&#8221;{}&#8221;][\/et_pb_image][\/et_pb_column][et_pb_column type=&#8221;1_2&#8243; _builder_version=&#8221;4.16&#8243; custom_padding=&#8221;|||&#8221; global_colors_info=&#8221;{}&#8221; custom_padding__hover=&#8221;|||&#8221;][et_pb_text admin_label=&#8221;Description&#8221; _builder_version=&#8221;4.21.0&#8243; text_font=&#8221;Roboto||||&#8221; text_font_size=&#8221;16px&#8221; text_line_height=&#8221;1.8em&#8221; background_size=&#8221;initial&#8221; background_position=&#8221;top_left&#8221; background_repeat=&#8221;repeat&#8221; animation_style=&#8221;zoom&#8221; animation_direction=&#8221;left&#8221; animation_delay=&#8221;100ms&#8221; animation_intensity_zoom=&#8221;10%&#8221; global_colors_info=&#8221;{}&#8221;]<\/p>\n<p><strong>h 17.00<\/strong> <u>George Hilton: o mundo \u00e9 dos audazes<\/u> (Brasil\/It\u00e1lia 2019, 106&#8242;) dire\u00e7\u00e3o de Daniel Camargo. Biografia de George Hilton, estrela do cinema italiano dos anos 60 aos anos 80. Hilton deixou sua rica fam\u00edlia no Uruguai, aventurando-se na It\u00e1lia e estrelando westerns, mist\u00e9rios e outros g\u00eaneros do cinema popular..<strong><br \/>O diretor e o produtor est\u00e3o presentes.<\/strong><\/p>\n<p>Seguindo<u><br \/>Trajetos de um ator al\u00e9m-mar: George Hilton na It\u00e1lia, Adolfo Celi no Brasil.<\/u> Encontro com Alessia Casteni, Daniel Camargo e Marco Palazzini.<\/p>\n<p>[\/et_pb_text][\/et_pb_column][\/et_pb_row][et_pb_row column_structure=&#8221;1_2,1_2&#8243; admin_label=&#8221;pacote&#8221; _builder_version=&#8221;4.16&#8243; background_size=&#8221;initial&#8221; background_position=&#8221;top_left&#8221; background_repeat=&#8221;repeat&#8221; global_colors_info=&#8221;{}&#8221;][et_pb_column type=&#8221;1_2&#8243; _builder_version=&#8221;4.16&#8243; custom_padding=&#8221;|||&#8221; global_colors_info=&#8221;{}&#8221; custom_padding__hover=&#8221;|||&#8221;][et_pb_image src=&#8221;https:\/\/vagaluna.it\/wp-content\/uploads\/2023\/06\/clementina_bassa_2.png&#8221; title_text=&#8221;clementina_bassa_2&#8243; align_tablet=&#8221;center&#8221; align_phone=&#8221;center&#8221; align_last_edited=&#8221;on|desktop&#8221; admin_label=&#8221;Package Image&#8221; _builder_version=&#8221;4.21.0&#8243; animation_style=&#8221;fold&#8221; animation_direction=&#8221;right&#8221; animation_intensity_fold=&#8221;20%&#8221; global_colors_info=&#8221;{}&#8221;][\/et_pb_image][\/et_pb_column][et_pb_column type=&#8221;1_2&#8243; _builder_version=&#8221;4.16&#8243; custom_padding=&#8221;|||&#8221; global_colors_info=&#8221;{}&#8221; custom_padding__hover=&#8221;|||&#8221;][et_pb_text admin_label=&#8221;Description&#8221; _builder_version=&#8221;4.21.0&#8243; text_font=&#8221;Roboto||||&#8221; text_font_size=&#8221;16px&#8221; text_line_height=&#8221;1.8em&#8221; background_size=&#8221;initial&#8221; background_position=&#8221;top_left&#8221; background_repeat=&#8221;repeat&#8221; animation_style=&#8221;zoom&#8221; animation_direction=&#8221;left&#8221; animation_delay=&#8221;100ms&#8221; animation_intensity_zoom=&#8221;10%&#8221; global_colors_info=&#8221;{}&#8221;]<\/p>\n<p><strong>h 19.30<\/strong> <u>Clementina<\/u> (Brasil, 2018, 75&#8242;) dire\u00e7\u00e3o Ana Rieper. Clementina de Jesus se destaca na hist\u00f3ria da m\u00fasica brasileira por sua voz excepcional, letras po\u00e9ticas, os tambores mais eloquentes e repert\u00f3rio religioso de matriz africana. Neto de escravos, com sua can\u00e7\u00e3o mostrava toda alegria, for\u00e7a e drama da condi\u00e7\u00e3o do negro no Brasil. Vencedora do Trof\u00e9u Aruanda de melhor personagem feminina de 2018.<br \/>Document\u00e1rio em competi\u00e7\u00e3o.<\/p>\n<p>Seguindo<br \/>Aperitivo no terra\u00e7o com <strong>DJ set Monica Paes<\/strong>. Para participar \u00e9 necess\u00e1rio apresentar o bilhete de entrada para o filme \u00e0s 19h30 ou para o das 21h30.<\/p>\n<p>[\/et_pb_text][\/et_pb_column][\/et_pb_row][et_pb_row column_structure=&#8221;1_2,1_2&#8243; admin_label=&#8221;pacote&#8221; _builder_version=&#8221;4.16&#8243; background_size=&#8221;initial&#8221; background_position=&#8221;top_left&#8221; background_repeat=&#8221;repeat&#8221; global_colors_info=&#8221;{}&#8221;][et_pb_column type=&#8221;1_2&#8243; _builder_version=&#8221;4.16&#8243; custom_padding=&#8221;|||&#8221; global_colors_info=&#8221;{}&#8221; custom_padding__hover=&#8221;|||&#8221;][et_pb_image src=&#8221;https:\/\/vagaluna.it\/wp-content\/uploads\/2023\/06\/Schermata-2019-06-07-alle-21.56.26.png&#8221; title_text=&#8221;Schermata-2019-06-07-alle-21.56.26&#8243; align_tablet=&#8221;center&#8221; align_phone=&#8221;center&#8221; align_last_edited=&#8221;on|desktop&#8221; admin_label=&#8221;Package Image&#8221; _builder_version=&#8221;4.21.0&#8243; animation_style=&#8221;fold&#8221; animation_direction=&#8221;right&#8221; animation_intensity_fold=&#8221;20%&#8221; global_colors_info=&#8221;{}&#8221;][\/et_pb_image][\/et_pb_column][et_pb_column type=&#8221;1_2&#8243; _builder_version=&#8221;4.16&#8243; custom_padding=&#8221;|||&#8221; global_colors_info=&#8221;{}&#8221; custom_padding__hover=&#8221;|||&#8221;][et_pb_text admin_label=&#8221;Description&#8221; _builder_version=&#8221;4.21.0&#8243; text_font=&#8221;Roboto||||&#8221; text_font_size=&#8221;16px&#8221; text_line_height=&#8221;1.8em&#8221; background_size=&#8221;initial&#8221; background_position=&#8221;top_left&#8221; background_repeat=&#8221;repeat&#8221; animation_style=&#8221;zoom&#8221; animation_direction=&#8221;left&#8221; animation_delay=&#8221;100ms&#8221; animation_intensity_zoom=&#8221;10%&#8221; global_colors_info=&#8221;{}&#8221;]<\/p>\n<p><strong>h 21.30 <\/strong><u>Tungst\u00eanio<\/u> (Brasil, 2017, 71&#8242;) dire\u00e7\u00e3o de Heitor Dhalia. Da graphic novel hom\u00f4nima de Marcelo Quintanilha. Salvador, Bahia. Um sargento aposentado busca ajuda para impedir dois homens de pescar com dinamite. Ele encontrar\u00e1 o apoio de um traficante que deve um favor a um policial, mas nada sai como planejado. Com Fabricio Boliveira, Samira Carvalho, Jos\u00e9 Dumont, Wesley Guimar\u00e3es, Pedro Wagner.<br \/>Filmes em competi\u00e7\u00e3o.<\/p>\n<p>[\/et_pb_text][\/et_pb_column][\/et_pb_row][et_pb_row admin_label=&#8221;pacote&#8221; _builder_version=&#8221;4.16&#8243; background_size=&#8221;initial&#8221; background_position=&#8221;top_left&#8221; background_repeat=&#8221;repeat&#8221; global_colors_info=&#8221;{}&#8221;][et_pb_column type=&#8221;4_4&#8243; _builder_version=&#8221;4.16&#8243; custom_padding=&#8221;|||&#8221; global_colors_info=&#8221;{}&#8221; custom_padding__hover=&#8221;|||&#8221;][et_pb_text admin_label=&#8221;Package Title&#8221; _builder_version=&#8221;4.21.0&#8243; text_font=&#8221;Oswald||||&#8221; text_text_color=&#8221;#6b0008&#8243; text_font_size=&#8221;24px&#8221; background_size=&#8221;initial&#8221; background_position=&#8221;top_left&#8221; background_repeat=&#8221;repeat&#8221; animation_style=&#8221;zoom&#8221; animation_direction=&#8221;left&#8221; animation_intensity_zoom=&#8221;10%&#8221; global_colors_info=&#8221;{}&#8221;]<\/p>\n<p>domingo, 14 de julho<\/p>\n<p>[\/et_pb_text][\/et_pb_column][\/et_pb_row][et_pb_row column_structure=&#8221;1_2,1_2&#8243; admin_label=&#8221;pacote&#8221; _builder_version=&#8221;4.16&#8243; background_size=&#8221;initial&#8221; background_position=&#8221;top_left&#8221; background_repeat=&#8221;repeat&#8221; global_colors_info=&#8221;{}&#8221;][et_pb_column type=&#8221;1_2&#8243; _builder_version=&#8221;4.16&#8243; custom_padding=&#8221;|||&#8221; global_colors_info=&#8221;{}&#8221; custom_padding__hover=&#8221;|||&#8221;][et_pb_image src=&#8221;https:\/\/vagaluna.it\/wp-content\/uploads\/2023\/06\/Schermata-2019-06-07-alle-22.04.14.png&#8221; title_text=&#8221;Schermata-2019-06-07-alle-22.04.14&#8243; align_tablet=&#8221;center&#8221; align_phone=&#8221;center&#8221; align_last_edited=&#8221;on|desktop&#8221; admin_label=&#8221;Package Image&#8221; _builder_version=&#8221;4.21.0&#8243; animation_style=&#8221;fold&#8221; animation_direction=&#8221;right&#8221; animation_intensity_fold=&#8221;20%&#8221; global_colors_info=&#8221;{}&#8221;][\/et_pb_image][\/et_pb_column][et_pb_column type=&#8221;1_2&#8243; _builder_version=&#8221;4.16&#8243; custom_padding=&#8221;|||&#8221; global_colors_info=&#8221;{}&#8221; custom_padding__hover=&#8221;|||&#8221;][et_pb_text admin_label=&#8221;Description&#8221; _builder_version=&#8221;4.21.0&#8243; text_font=&#8221;Roboto||||&#8221; text_font_size=&#8221;16px&#8221; text_line_height=&#8221;1.8em&#8221; background_size=&#8221;initial&#8221; background_position=&#8221;top_left&#8221; background_repeat=&#8221;repeat&#8221; animation_style=&#8221;zoom&#8221; animation_direction=&#8221;left&#8221; animation_delay=&#8221;100ms&#8221; animation_intensity_zoom=&#8221;10%&#8221; global_colors_info=&#8221;{}&#8221;]<\/p>\n<p><strong>h 15.00 <\/strong><u>Krenak <\/u>(Brasil, 2017, 74&#8242;) de Rog\u00e9rio Corr\u00eaa. Ver quinta-feira, 11 de julho, \u00e0s 17h00.<\/p>\n<p>[\/et_pb_text][\/et_pb_column][\/et_pb_row][et_pb_row column_structure=&#8221;1_2,1_2&#8243; admin_label=&#8221;pacote&#8221; _builder_version=&#8221;4.16&#8243; background_size=&#8221;initial&#8221; background_position=&#8221;top_left&#8221; background_repeat=&#8221;repeat&#8221; global_colors_info=&#8221;{}&#8221;][et_pb_column type=&#8221;1_2&#8243; _builder_version=&#8221;4.16&#8243; custom_padding=&#8221;|||&#8221; global_colors_info=&#8221;{}&#8221; custom_padding__hover=&#8221;|||&#8221;][et_pb_image src=&#8221;https:\/\/vagaluna.it\/wp-content\/uploads\/2023\/06\/Il-canto-del-mare_bassa_1.jpeg&#8221; title_text=&#8221;Il-canto-del-mare_bassa_1&#8243; align_tablet=&#8221;center&#8221; align_phone=&#8221;center&#8221; align_last_edited=&#8221;on|desktop&#8221; admin_label=&#8221;Package Image&#8221; _builder_version=&#8221;4.21.0&#8243; animation_style=&#8221;fold&#8221; animation_direction=&#8221;right&#8221; animation_intensity_fold=&#8221;20%&#8221; global_colors_info=&#8221;{}&#8221;][\/et_pb_image][\/et_pb_column][et_pb_column type=&#8221;1_2&#8243; _builder_version=&#8221;4.16&#8243; custom_padding=&#8221;|||&#8221; global_colors_info=&#8221;{}&#8221; custom_padding__hover=&#8221;|||&#8221;][et_pb_text admin_label=&#8221;Description&#8221; _builder_version=&#8221;4.21.0&#8243; text_font=&#8221;Roboto||||&#8221; text_font_size=&#8221;16px&#8221; text_line_height=&#8221;1.8em&#8221; background_size=&#8221;initial&#8221; background_position=&#8221;top_left&#8221; background_repeat=&#8221;repeat&#8221; animation_style=&#8221;zoom&#8221; animation_direction=&#8221;left&#8221; animation_delay=&#8221;100ms&#8221; animation_intensity_zoom=&#8221;10%&#8221; global_colors_info=&#8221;{}&#8221;]<\/p>\n<p><strong>h 17.00<\/strong> <u>Il canto del mare<\/u> (Fran\u00e7a, 2017, 44&#8242;) de Claudia Neubern. Um velho pescador mora em uma praia remota. Um dia chega uma cantora de \u00f3pera que, como uma sereia, vai descansar na areia. Naquele lugar, longe do mundo, o pescador e a cantora v\u00e3o partilhar alguns momentos: uma can\u00e7\u00e3o, uma pescaria no mar, uma refei\u00e7\u00e3o\u2026 e aos poucos a solid\u00e3o vai desaparecendo. Com Georges Gauzargues e Simona Caressa.<br \/><strong>Apresentar o diretor e a atriz principal.<\/strong><\/p>\n<p>[\/et_pb_text][\/et_pb_column][\/et_pb_row][et_pb_row column_structure=&#8221;1_2,1_2&#8243; admin_label=&#8221;pacote&#8221; _builder_version=&#8221;4.16&#8243; background_size=&#8221;initial&#8221; background_position=&#8221;top_left&#8221; background_repeat=&#8221;repeat&#8221; global_colors_info=&#8221;{}&#8221;][et_pb_column type=&#8221;1_2&#8243; _builder_version=&#8221;4.16&#8243; custom_padding=&#8221;|||&#8221; global_colors_info=&#8221;{}&#8221; custom_padding__hover=&#8221;|||&#8221;][et_pb_image src=&#8221;https:\/\/vagaluna.it\/wp-content\/uploads\/2023\/06\/Schermata-2019-06-07-alle-22.18.58.png&#8221; title_text=&#8221;Schermata-2019-06-07-alle-22.18.58&#8243; align_tablet=&#8221;center&#8221; align_phone=&#8221;center&#8221; align_last_edited=&#8221;on|desktop&#8221; admin_label=&#8221;Package Image&#8221; _builder_version=&#8221;4.21.0&#8243; animation_style=&#8221;fold&#8221; animation_direction=&#8221;right&#8221; animation_intensity_fold=&#8221;20%&#8221; global_colors_info=&#8221;{}&#8221;][\/et_pb_image][\/et_pb_column][et_pb_column type=&#8221;1_2&#8243; _builder_version=&#8221;4.16&#8243; custom_padding=&#8221;|||&#8221; global_colors_info=&#8221;{}&#8221; custom_padding__hover=&#8221;|||&#8221;][et_pb_text admin_label=&#8221;Description&#8221; _builder_version=&#8221;4.21.0&#8243; text_font=&#8221;Roboto||||&#8221; text_font_size=&#8221;16px&#8221; text_line_height=&#8221;1.8em&#8221; background_size=&#8221;initial&#8221; background_position=&#8221;top_left&#8221; background_repeat=&#8221;repeat&#8221; animation_style=&#8221;zoom&#8221; animation_direction=&#8221;left&#8221; animation_delay=&#8221;100ms&#8221; animation_intensity_zoom=&#8221;10%&#8221; global_colors_info=&#8221;{}&#8221;]<\/p>\n<p><strong>h 19h00 Cerim\u00f3nia de entrega de pr\u00e9mios do j\u00fari e pr\u00e9mios do p\u00fablico.<\/strong><\/p>\n<p>A seguir, proje\u00e7\u00e3o:<u><br \/>Chorar de rir<\/u> (Brasil, 2019, 104&#8242;) dirigido por Toniko Melo. Nilo Perequ\u00ea \u00e9 o comediante mais famoso do pa\u00eds e &#8216;estrela&#8217; do programa de TV &#8221;Chorando de Rir&#8221;. Depois de ganhar um importante pr\u00eamio, ele decide dar uma guinada na carreira e se dedicar ao g\u00eanero drama. A fam\u00edlia e o empres\u00e1rio est\u00e3o desesperados e o que parecia f\u00e1cil para Nilo se transformar\u00e1 em um grande desafio quando ele perceber que n\u00e3o consegue deixar de ser engra\u00e7ado. Com Leandro Hassum, Ot\u00e1vio M\u00fcller, Monique Alfradique, Jandira Martini, Perfeito Fortuna.<\/p>\n<p>[\/et_pb_text][\/et_pb_column][\/et_pb_row][et_pb_row column_structure=&#8221;1_2,1_2&#8243; admin_label=&#8221;pacote&#8221; _builder_version=&#8221;4.16&#8243; background_size=&#8221;initial&#8221; background_position=&#8221;top_left&#8221; background_repeat=&#8221;repeat&#8221; global_colors_info=&#8221;{}&#8221;][et_pb_column type=&#8221;1_2&#8243; _builder_version=&#8221;4.16&#8243; custom_padding=&#8221;|||&#8221; global_colors_info=&#8221;{}&#8221; custom_padding__hover=&#8221;|||&#8221;][et_pb_image src=&#8221;https:\/\/vagaluna.it\/wp-content\/uploads\/2023\/06\/workshop-stories-1-576&#215;1024-1.jpg&#8221; title_text=&#8221;workshop-stories-1-576&#215;1024&#8243; align_tablet=&#8221;center&#8221; align_phone=&#8221;center&#8221; align_last_edited=&#8221;on|desktop&#8221; admin_label=&#8221;Package Image&#8221; _builder_version=&#8221;4.21.0&#8243; animation_style=&#8221;fold&#8221; animation_direction=&#8221;right&#8221; animation_intensity_fold=&#8221;20%&#8221; global_colors_info=&#8221;{}&#8221;][\/et_pb_image][\/et_pb_column][et_pb_column type=&#8221;1_2&#8243; _builder_version=&#8221;4.16&#8243; custom_padding=&#8221;|||&#8221; global_colors_info=&#8221;{}&#8221; custom_padding__hover=&#8221;|||&#8221;][et_pb_text admin_label=&#8221;Description&#8221; _builder_version=&#8221;4.21.0&#8243; text_font=&#8221;Roboto||||&#8221; text_font_size=&#8221;16px&#8221; text_line_height=&#8221;1.8em&#8221; background_size=&#8221;initial&#8221; background_position=&#8221;top_left&#8221; background_repeat=&#8221;repeat&#8221; animation_style=&#8221;zoom&#8221; animation_direction=&#8221;left&#8221; animation_delay=&#8221;100ms&#8221; animation_intensity_zoom=&#8221;10%&#8221; global_colors_info=&#8221;{}&#8221;]<\/p>\n<p><strong>Quinta-feira, 11 de julho de 2019, das 15h30 \u00e0s 18h <\/strong><\/p>\n<p><strong>Mecanismos de coprodu\u00e7\u00e3o audiovisual entre It\u00e1lia e Brasil<\/strong><em><br \/>oficinas<\/em>destinado a produtores italianos nas linhas de financiamento da ANCINE para coprodu\u00e7\u00f5es audiovisive.<\/p>\n<p><b>Palestrante:<\/b> Juliano Vianna, Diretor da Presid\u00eancia da ANCINE \u2013 Ag\u00eancia do Cinema Brasileiro \u2013 Minist\u00e9rio da Cidadania.<br \/><b>Sauda\u00e7\u00f5es na abertura:<\/b> Embaixador Eduardo dos Santos, C\u00f4nsul-Geral do Brasil em Mil\u00e3o; Regina Nadaes Marques, diretora da Agenda Brasil \u2013 Festival Internacional de Cinema Brasileiro; Claudia Di Sai \u2013 Representante da AGICI Noroeste.<\/p>\n<p>&nbsp;<\/p>\n<p>h 15h30 Inscri\u00e7\u00f5es dos participantes<br \/>h 16 Sauda\u00e7\u00f5es institucionais e abertura dos trabalhos<br \/>16.15 Apresenta\u00e7\u00e3o da ANCINE e Fundo Setorial para coprodu\u00e7\u00f5es audiovisuais<br \/>h 17.15 Conclus\u00f5es e perguntas e respostas<br \/>Seguido de aperitivo e networking<br \/>participa\u00e7\u00e3o gratuita<\/p>\n<p>A confirma\u00e7\u00e3o de participa\u00e7\u00e3o para o endere\u00e7o de e-mail \u00e9 bem-vinda: <a href=\"mailto:info@vagaluna.it\">info@vagaluna.it<\/a><\/p>\n<p>[\/et_pb_text][\/et_pb_column][\/et_pb_row][et_pb_row admin_label=&#8221;pacote&#8221; _builder_version=&#8221;4.16&#8243; background_size=&#8221;initial&#8221; background_position=&#8221;top_left&#8221; background_repeat=&#8221;repeat&#8221; global_colors_info=&#8221;{}&#8221;][et_pb_column type=&#8221;4_4&#8243; _builder_version=&#8221;4.16&#8243; custom_padding=&#8221;|||&#8221; global_colors_info=&#8221;{}&#8221; custom_padding__hover=&#8221;|||&#8221;][et_pb_divider color=&#8221;#6b0008&#8243; divider_position=&#8221;center&#8221; divider_weight=&#8221;3px&#8221; disabled_on=&#8221;off|off|off&#8221; _builder_version=&#8221;4.19.4&#8243; max_width=&#8221;300px&#8221; module_alignment=&#8221;left&#8221; height=&#8221;false&#8221; custom_margin=&#8221;30px|||&#8221; animation_style=&#8221;slide&#8221; animation_direction=&#8221;top&#8221; animation_delay=&#8221;100ms&#8221; animation_intensity_slide=&#8221;10%&#8221; locked=&#8221;off&#8221; global_colors_info=&#8221;{}&#8221;][\/et_pb_divider][et_pb_text admin_label=&#8221;Description&#8221; _builder_version=&#8221;4.21.0&#8243; text_font=&#8221;Roboto||||&#8221; text_font_size=&#8221;16px&#8221; text_line_height=&#8221;1.8em&#8221; background_size=&#8221;initial&#8221; background_position=&#8221;top_left&#8221; background_repeat=&#8221;repeat&#8221; animation_style=&#8221;zoom&#8221; animation_direction=&#8221;left&#8221; animation_delay=&#8221;100ms&#8221; animation_intensity_zoom=&#8221;10%&#8221; global_colors_info=&#8221;{}&#8221;]<\/p>\n<p><strong>Agenda Brasil Milano<\/strong> \u00e9 um evento organizado pela Associa\u00e7\u00e3o Cultural Vagaluna e produzido pela Christoffel Promo\u00e7\u00f5es e Produ\u00e7\u00f5es<\/p>\n<p>Dire\u00e7\u00e3o: Regina Nadaes Marques<br \/>Brasil Staff: Vita Christoffel, Cristiana Giustino, Leandro Salom\u00e3o<br \/>Staff Italia: Marcella Baraldi, Thays De Campos, Rosani Gallina, Federico Gualano, Marco Palazzini<br \/>Estagi\u00e1rios e volunt\u00e1rios: Beatriz Borges, Gaia Calabr\u00f2, Claudia Capanema, Cintia Dornelles, Sandra Fran\u00e7a, Eugenia Greco, Mariana Ribeiro, Giovanni Terzi<br \/>sele\u00e7\u00e3o de filmes: Marcella Baraldi, Deborah Carvalho, Cristiana Giustino, Regina Nadaes Marques, Luci Macedo, Marco Palazzini.<br \/>J\u00fari da mostra competitiva de cinema: Gabriele Marcello, Raoul Simoni, Celia Tolentino<br \/>J\u00fari da Sec\u00e7\u00e3o Competitiva de Document\u00e1rios: Anna Glogowski, Claudia Neubern, Saverio Zumbo<br \/>Apresenta\u00e7\u00f5es: Alessia Casteni, Monica Paes, Marco Palazzini, Francesca Perilli, Monica Paes<br \/>Assessoria de Imprensa: Paula Acosta \u2013 Carioca Comunica\u00e7\u00e3o<br \/>Suporte T\u00e9cnico: Fabrizio Fini<br \/>Projeto gr\u00e1fico: Andrei Aguiar<br \/>Tradu\u00e7\u00f5es e legendas de filmes: Francesco Ambrosini, Gian Luigi De Rosa, Federica Dell&#8217;Oro, Forword, Unisalento-Summer school of audiovisual translation (Marzia Buttazzo, Alessia Fiorentino, Caterina Varasano, supervisionado por G. L. De Rosa)<br \/>Teaser: M\u00fasica \u2013 Rinaldo Donati e Fernando Barreto. Edi\u00e7\u00e3o \u2013 Fabrizio Fini.<br \/>Fot\u00f3grafo: Michelangelo Princiotta<br \/>Realiza\u00e7\u00e3o de premia\u00e7\u00e3o: Rinaldo Donati<\/p>\n<p>Agradecemos a todos os realizadores e produtores dos filmes, a todos os volunt\u00e1rios e apoiantes da Associa\u00e7\u00e3o Vagaluna.<\/p>\n<p>[\/et_pb_text][et_pb_image src=&#8221;https:\/\/vagaluna.it\/wp-content\/uploads\/2023\/06\/Schermata-2019-07-03-alle-09.18.45.png&#8221; title_text=&#8221;Schermata-2019-07-03-alle-09.18.45&#8243; align_tablet=&#8221;center&#8221; align_phone=&#8221;center&#8221; align_last_edited=&#8221;on|desktop&#8221; admin_label=&#8221;Package Image&#8221; _builder_version=&#8221;4.21.0&#8243; animation_style=&#8221;fold&#8221; animation_direction=&#8221;right&#8221; animation_intensity_fold=&#8221;20%&#8221; global_colors_info=&#8221;{}&#8221;][\/et_pb_image][et_pb_image src=&#8221;https:\/\/vagaluna.it\/wp-content\/uploads\/2023\/06\/Schermata-2019-07-03-alle-09.19.09.png&#8221; title_text=&#8221;Schermata-2019-07-03-alle-09.19.09&#8243; align_tablet=&#8221;center&#8221; align_phone=&#8221;center&#8221; align_last_edited=&#8221;on|desktop&#8221; admin_label=&#8221;Package Image&#8221; _builder_version=&#8221;4.21.0&#8243; animation_style=&#8221;fold&#8221; animation_direction=&#8221;right&#8221; animation_intensity_fold=&#8221;20%&#8221; global_colors_info=&#8221;{}&#8221;][\/et_pb_image][\/et_pb_column][\/et_pb_row][\/et_pb_section][et_pb_section fb_built=&#8221;1&#8243; admin_label=&#8221;Promo Section&#8221; _builder_version=&#8221;4.19.4&#8243; background_color=&#8221;rgba(0,0,0,0.5)&#8221; background_image=&#8221;https:\/\/vagaluna.it\/wp-content\/uploads\/2023\/01\/newsletter-vagaluna-1.jpg&#8221; background_blend=&#8221;color&#8221; custom_padding=&#8221;120px||120px|&#8221; saved_tabs=&#8221;all&#8221; global_colors_info=&#8221;{}&#8221;][et_pb_row _builder_version=&#8221;4.22.1&#8243; background_size=&#8221;initial&#8221; background_position=&#8221;top_left&#8221; background_repeat=&#8221;repeat&#8221; custom_margin=&#8221;|||&#8221; global_colors_info=&#8221;{}&#8221;][et_pb_column type=&#8221;4_4&#8243; _builder_version=&#8221;4.16&#8243; custom_padding=&#8221;|||&#8221; global_colors_info=&#8221;{}&#8221; custom_padding__hover=&#8221;|||&#8221;][et_pb_text admin_label=&#8221;CTA Section Subtitle&#8221; _builder_version=&#8221;4.22.1&#8243; text_font=&#8221;Roboto|on||on|&#8221; text_font_size=&#8221;24px&#8221; text_letter_spacing=&#8221;4px&#8221; background_size=&#8221;initial&#8221; background_position=&#8221;top_left&#8221; background_repeat=&#8221;repeat&#8221; background_layout=&#8221;dark&#8221; module_alignment=&#8221;center&#8221; animation_direction=&#8221;left&#8221; global_colors_info=&#8221;{}&#8221;]<\/p>\n<p>Newsletter<\/p>\n<p>[\/et_pb_text][et_pb_divider color=&#8221;#ffffff&#8221; divider_position=&#8221;center&#8221; divider_weight=&#8221;3px&#8221; disabled_on=&#8221;on|on|off%22%22&#8243; _builder_version=&#8221;4.16&#8243; max_width=&#8221;150px&#8221; module_alignment=&#8221;left&#8221; height=&#8221;false&#8221; animation_style=&#8221;zoom&#8221; animation_direction=&#8221;left&#8221; animation_delay=&#8221;200ms&#8221; animation_intensity_zoom=&#8221;20%&#8221; locked=&#8221;off&#8221; global_colors_info=&#8221;{}&#8221;][\/et_pb_divider][et_pb_button button_url=&#8221;https:\/\/vagaluna.it\/pt-br\/newsletter-vagaluna\/&#8221; button_text=&#8221;subscrever a newsletter&#8221; button_alignment=&#8221;left&#8221; admin_label=&#8221;Gallery Button&#8221; _builder_version=&#8221;4.22.1&#8243; button_icon=&#8221;&#x24;||divi||400&#8243; button_icon_color=&#8221;#1a1a1a&#8221; background_layout=&#8221;dark&#8221; button_border_color_hover=&#8221;#1a1a1a&#8221; button_border_radius_hover=&#8221;0px&#8221; button_letter_spacing_hover=&#8221;4px&#8221; button_bg_color_hover=&#8221;rgba(0,0,0,0)&#8221; global_colors_info=&#8221;{}&#8221; button_text_size__hover_enabled=&#8221;off&#8221; button_one_text_size__hover_enabled=&#8221;off&#8221; button_two_text_size__hover_enabled=&#8221;off&#8221; button_text_color__hover_enabled=&#8221;off&#8221; button_one_text_color__hover_enabled=&#8221;off&#8221; button_two_text_color__hover_enabled=&#8221;off&#8221; button_border_width__hover_enabled=&#8221;off&#8221; button_one_border_width__hover_enabled=&#8221;off&#8221; button_two_border_width__hover_enabled=&#8221;off&#8221; button_border_color__hover_enabled=&#8221;on&#8221; button_border_color__hover=&#8221;#1a1a1a&#8221; button_one_border_color__hover_enabled=&#8221;off&#8221; button_two_border_color__hover_enabled=&#8221;off&#8221; button_border_radius__hover_enabled=&#8221;on&#8221; button_border_radius__hover=&#8221;0px&#8221; button_one_border_radius__hover_enabled=&#8221;off&#8221; button_two_border_radius__hover_enabled=&#8221;off&#8221; button_letter_spacing__hover_enabled=&#8221;on&#8221; button_letter_spacing__hover=&#8221;4px&#8221; button_one_letter_spacing__hover_enabled=&#8221;off&#8221; button_two_letter_spacing__hover_enabled=&#8221;off&#8221; button_bg_color__hover_enabled=&#8221;on&#8221; button_bg_color__hover=&#8221;rgba(0,0,0,0)&#8221; button_one_bg_color__hover_enabled=&#8221;off&#8221; button_two_bg_color__hover_enabled=&#8221;off&#8221;][\/et_pb_button][\/et_pb_column][\/et_pb_row][\/et_pb_section]<\/p>\n","protected":false},"excerpt":{"rendered":"<p>Julho de 2022<\/p>\n","protected":false},"author":1,"featured_media":3112,"comment_status":"closed","ping_status":"open","sticky":false,"template":"","format":"standard","meta":{"_et_pb_use_builder":"on","_et_pb_old_content":"","_et_gb_content_width":"","footnotes":""},"categories":[32],"tags":[],"class_list":["post-1350","post","type-post","status-publish","format-standard","has-post-thumbnail","hentry","category-agenda-brasil-milao"],"yoast_head":"<!-- This site is optimized with the Yoast SEO plugin v26.9 - https:\/\/yoast.com\/product\/yoast-seo-wordpress\/ -->\n<title>Agenda Brasil Mil\u00e3o 2019 - Vagaluna<\/title>\n<meta name=\"robots\" content=\"index, follow, max-snippet:-1, max-image-preview:large, max-video-preview:-1\" \/>\n<link rel=\"canonical\" href=\"https:\/\/vagaluna.it\/pt-br\/agenda-brasil-pt-br\/agenda-brasil-milao\/agenda-brasil-milao-2019\/\" \/>\n<meta property=\"og:locale\" content=\"pt_BR\" \/>\n<meta property=\"og:type\" content=\"article\" \/>\n<meta property=\"og:title\" content=\"Agenda Brasil Mil\u00e3o 2019 - Vagaluna\" \/>\n<meta property=\"og:description\" content=\"Julho de 2022\" \/>\n<meta property=\"og:url\" content=\"https:\/\/vagaluna.it\/pt-br\/agenda-brasil-pt-br\/agenda-brasil-milao\/agenda-brasil-milao-2019\/\" \/>\n<meta property=\"og:site_name\" content=\"Vagaluna\" \/>\n<meta property=\"article:published_time\" content=\"2019-06-27T15:07:40+00:00\" \/>\n<meta property=\"article:modified_time\" content=\"2024-02-27T11:47:51+00:00\" \/>\n<meta property=\"og:image\" content=\"https:\/\/vagaluna.it\/wp-content\/uploads\/2019\/06\/agenda-brasil-milano-2019-new-image-01.jpg\" \/>\n\t<meta property=\"og:image:width\" content=\"400\" \/>\n\t<meta property=\"og:image:height\" content=\"250\" \/>\n\t<meta property=\"og:image:type\" content=\"image\/jpeg\" \/>\n<meta name=\"author\" content=\"Admin\" \/>\n<meta name=\"twitter:card\" content=\"summary_large_image\" \/>\n<meta name=\"twitter:label1\" content=\"Escrito por\" \/>\n\t<meta name=\"twitter:data1\" content=\"Admin\" \/>\n\t<meta name=\"twitter:label2\" content=\"Est. tempo de leitura\" \/>\n\t<meta name=\"twitter:data2\" content=\"17 minutos\" \/>\n<script type=\"application\/ld+json\" class=\"yoast-schema-graph\">{\"@context\":\"https:\/\/schema.org\",\"@graph\":[{\"@type\":\"Article\",\"@id\":\"https:\/\/vagaluna.it\/pt-br\/agenda-brasil-pt-br\/agenda-brasil-milao\/agenda-brasil-milao-2019\/#article\",\"isPartOf\":{\"@id\":\"https:\/\/vagaluna.it\/pt-br\/agenda-brasil-pt-br\/agenda-brasil-milao\/agenda-brasil-milao-2019\/\"},\"author\":{\"name\":\"Admin\",\"@id\":\"https:\/\/vagaluna.it\/pt-br\/#\/schema\/person\/66cd1b8afc7bf49d8d7fbcb7a67f0a47\"},\"headline\":\"Agenda Brasil Mil\u00e3o 2019\",\"datePublished\":\"2019-06-27T15:07:40+00:00\",\"dateModified\":\"2024-02-27T11:47:51+00:00\",\"mainEntityOfPage\":{\"@id\":\"https:\/\/vagaluna.it\/pt-br\/agenda-brasil-pt-br\/agenda-brasil-milao\/agenda-brasil-milao-2019\/\"},\"wordCount\":7350,\"publisher\":{\"@id\":\"https:\/\/vagaluna.it\/pt-br\/#organization\"},\"image\":{\"@id\":\"https:\/\/vagaluna.it\/pt-br\/agenda-brasil-pt-br\/agenda-brasil-milao\/agenda-brasil-milao-2019\/#primaryimage\"},\"thumbnailUrl\":\"https:\/\/vagaluna.it\/wp-content\/uploads\/2019\/06\/agenda-brasil-milano-2019-new-image-01.jpg\",\"articleSection\":[\"Agenda Brasil Mil\u00e3o\"],\"inLanguage\":\"pt-BR\"},{\"@type\":\"WebPage\",\"@id\":\"https:\/\/vagaluna.it\/pt-br\/agenda-brasil-pt-br\/agenda-brasil-milao\/agenda-brasil-milao-2019\/\",\"url\":\"https:\/\/vagaluna.it\/pt-br\/agenda-brasil-pt-br\/agenda-brasil-milao\/agenda-brasil-milao-2019\/\",\"name\":\"Agenda Brasil Mil\u00e3o 2019 - Vagaluna\",\"isPartOf\":{\"@id\":\"https:\/\/vagaluna.it\/pt-br\/#website\"},\"primaryImageOfPage\":{\"@id\":\"https:\/\/vagaluna.it\/pt-br\/agenda-brasil-pt-br\/agenda-brasil-milao\/agenda-brasil-milao-2019\/#primaryimage\"},\"image\":{\"@id\":\"https:\/\/vagaluna.it\/pt-br\/agenda-brasil-pt-br\/agenda-brasil-milao\/agenda-brasil-milao-2019\/#primaryimage\"},\"thumbnailUrl\":\"https:\/\/vagaluna.it\/wp-content\/uploads\/2019\/06\/agenda-brasil-milano-2019-new-image-01.jpg\",\"datePublished\":\"2019-06-27T15:07:40+00:00\",\"dateModified\":\"2024-02-27T11:47:51+00:00\",\"breadcrumb\":{\"@id\":\"https:\/\/vagaluna.it\/pt-br\/agenda-brasil-pt-br\/agenda-brasil-milao\/agenda-brasil-milao-2019\/#breadcrumb\"},\"inLanguage\":\"pt-BR\",\"potentialAction\":[{\"@type\":\"ReadAction\",\"target\":[\"https:\/\/vagaluna.it\/pt-br\/agenda-brasil-pt-br\/agenda-brasil-milao\/agenda-brasil-milao-2019\/\"]}]},{\"@type\":\"ImageObject\",\"inLanguage\":\"pt-BR\",\"@id\":\"https:\/\/vagaluna.it\/pt-br\/agenda-brasil-pt-br\/agenda-brasil-milao\/agenda-brasil-milao-2019\/#primaryimage\",\"url\":\"https:\/\/vagaluna.it\/wp-content\/uploads\/2019\/06\/agenda-brasil-milano-2019-new-image-01.jpg\",\"contentUrl\":\"https:\/\/vagaluna.it\/wp-content\/uploads\/2019\/06\/agenda-brasil-milano-2019-new-image-01.jpg\",\"width\":400,\"height\":250},{\"@type\":\"BreadcrumbList\",\"@id\":\"https:\/\/vagaluna.it\/pt-br\/agenda-brasil-pt-br\/agenda-brasil-milao\/agenda-brasil-milao-2019\/#breadcrumb\",\"itemListElement\":[{\"@type\":\"ListItem\",\"position\":1,\"name\":\"Home\",\"item\":\"https:\/\/vagaluna.it\/pt-br\/home\/\"},{\"@type\":\"ListItem\",\"position\":2,\"name\":\"Agenda Brasil Mil\u00e3o 2019\"}]},{\"@type\":\"WebSite\",\"@id\":\"https:\/\/vagaluna.it\/pt-br\/#website\",\"url\":\"https:\/\/vagaluna.it\/pt-br\/\",\"name\":\"Vagaluna\",\"description\":\"Vagaluna\",\"publisher\":{\"@id\":\"https:\/\/vagaluna.it\/pt-br\/#organization\"},\"potentialAction\":[{\"@type\":\"SearchAction\",\"target\":{\"@type\":\"EntryPoint\",\"urlTemplate\":\"https:\/\/vagaluna.it\/pt-br\/?s={search_term_string}\"},\"query-input\":{\"@type\":\"PropertyValueSpecification\",\"valueRequired\":true,\"valueName\":\"search_term_string\"}}],\"inLanguage\":\"pt-BR\"},{\"@type\":\"Organization\",\"@id\":\"https:\/\/vagaluna.it\/pt-br\/#organization\",\"name\":\"Vagaluna\",\"url\":\"https:\/\/vagaluna.it\/pt-br\/\",\"logo\":{\"@type\":\"ImageObject\",\"inLanguage\":\"pt-BR\",\"@id\":\"https:\/\/vagaluna.it\/pt-br\/#\/schema\/logo\/image\/\",\"url\":\"https:\/\/vagaluna.it\/wp-content\/uploads\/2023\/01\/cropped-vagaluna_logo_trasparente-2-300x81-1.png\",\"contentUrl\":\"https:\/\/vagaluna.it\/wp-content\/uploads\/2023\/01\/cropped-vagaluna_logo_trasparente-2-300x81-1.png\",\"width\":300,\"height\":81,\"caption\":\"Vagaluna\"},\"image\":{\"@id\":\"https:\/\/vagaluna.it\/pt-br\/#\/schema\/logo\/image\/\"}},{\"@type\":\"Person\",\"@id\":\"https:\/\/vagaluna.it\/pt-br\/#\/schema\/person\/66cd1b8afc7bf49d8d7fbcb7a67f0a47\",\"name\":\"Admin\",\"sameAs\":[\"https:\/\/vagaluna.it\"],\"url\":\"https:\/\/vagaluna.it\/pt-br\/author\/admin\/\"}]}<\/script>\n<!-- \/ Yoast SEO plugin. -->","yoast_head_json":{"title":"Agenda Brasil Mil\u00e3o 2019 - Vagaluna","robots":{"index":"index","follow":"follow","max-snippet":"max-snippet:-1","max-image-preview":"max-image-preview:large","max-video-preview":"max-video-preview:-1"},"canonical":"https:\/\/vagaluna.it\/pt-br\/agenda-brasil-pt-br\/agenda-brasil-milao\/agenda-brasil-milao-2019\/","og_locale":"pt_BR","og_type":"article","og_title":"Agenda Brasil Mil\u00e3o 2019 - Vagaluna","og_description":"Julho de 2022","og_url":"https:\/\/vagaluna.it\/pt-br\/agenda-brasil-pt-br\/agenda-brasil-milao\/agenda-brasil-milao-2019\/","og_site_name":"Vagaluna","article_published_time":"2019-06-27T15:07:40+00:00","article_modified_time":"2024-02-27T11:47:51+00:00","og_image":[{"width":400,"height":250,"url":"https:\/\/vagaluna.it\/wp-content\/uploads\/2019\/06\/agenda-brasil-milano-2019-new-image-01.jpg","type":"image\/jpeg"}],"author":"Admin","twitter_card":"summary_large_image","twitter_misc":{"Escrito por":"Admin","Est. tempo de leitura":"17 minutos"},"schema":{"@context":"https:\/\/schema.org","@graph":[{"@type":"Article","@id":"https:\/\/vagaluna.it\/pt-br\/agenda-brasil-pt-br\/agenda-brasil-milao\/agenda-brasil-milao-2019\/#article","isPartOf":{"@id":"https:\/\/vagaluna.it\/pt-br\/agenda-brasil-pt-br\/agenda-brasil-milao\/agenda-brasil-milao-2019\/"},"author":{"name":"Admin","@id":"https:\/\/vagaluna.it\/pt-br\/#\/schema\/person\/66cd1b8afc7bf49d8d7fbcb7a67f0a47"},"headline":"Agenda Brasil Mil\u00e3o 2019","datePublished":"2019-06-27T15:07:40+00:00","dateModified":"2024-02-27T11:47:51+00:00","mainEntityOfPage":{"@id":"https:\/\/vagaluna.it\/pt-br\/agenda-brasil-pt-br\/agenda-brasil-milao\/agenda-brasil-milao-2019\/"},"wordCount":7350,"publisher":{"@id":"https:\/\/vagaluna.it\/pt-br\/#organization"},"image":{"@id":"https:\/\/vagaluna.it\/pt-br\/agenda-brasil-pt-br\/agenda-brasil-milao\/agenda-brasil-milao-2019\/#primaryimage"},"thumbnailUrl":"https:\/\/vagaluna.it\/wp-content\/uploads\/2019\/06\/agenda-brasil-milano-2019-new-image-01.jpg","articleSection":["Agenda Brasil Mil\u00e3o"],"inLanguage":"pt-BR"},{"@type":"WebPage","@id":"https:\/\/vagaluna.it\/pt-br\/agenda-brasil-pt-br\/agenda-brasil-milao\/agenda-brasil-milao-2019\/","url":"https:\/\/vagaluna.it\/pt-br\/agenda-brasil-pt-br\/agenda-brasil-milao\/agenda-brasil-milao-2019\/","name":"Agenda Brasil Mil\u00e3o 2019 - Vagaluna","isPartOf":{"@id":"https:\/\/vagaluna.it\/pt-br\/#website"},"primaryImageOfPage":{"@id":"https:\/\/vagaluna.it\/pt-br\/agenda-brasil-pt-br\/agenda-brasil-milao\/agenda-brasil-milao-2019\/#primaryimage"},"image":{"@id":"https:\/\/vagaluna.it\/pt-br\/agenda-brasil-pt-br\/agenda-brasil-milao\/agenda-brasil-milao-2019\/#primaryimage"},"thumbnailUrl":"https:\/\/vagaluna.it\/wp-content\/uploads\/2019\/06\/agenda-brasil-milano-2019-new-image-01.jpg","datePublished":"2019-06-27T15:07:40+00:00","dateModified":"2024-02-27T11:47:51+00:00","breadcrumb":{"@id":"https:\/\/vagaluna.it\/pt-br\/agenda-brasil-pt-br\/agenda-brasil-milao\/agenda-brasil-milao-2019\/#breadcrumb"},"inLanguage":"pt-BR","potentialAction":[{"@type":"ReadAction","target":["https:\/\/vagaluna.it\/pt-br\/agenda-brasil-pt-br\/agenda-brasil-milao\/agenda-brasil-milao-2019\/"]}]},{"@type":"ImageObject","inLanguage":"pt-BR","@id":"https:\/\/vagaluna.it\/pt-br\/agenda-brasil-pt-br\/agenda-brasil-milao\/agenda-brasil-milao-2019\/#primaryimage","url":"https:\/\/vagaluna.it\/wp-content\/uploads\/2019\/06\/agenda-brasil-milano-2019-new-image-01.jpg","contentUrl":"https:\/\/vagaluna.it\/wp-content\/uploads\/2019\/06\/agenda-brasil-milano-2019-new-image-01.jpg","width":400,"height":250},{"@type":"BreadcrumbList","@id":"https:\/\/vagaluna.it\/pt-br\/agenda-brasil-pt-br\/agenda-brasil-milao\/agenda-brasil-milao-2019\/#breadcrumb","itemListElement":[{"@type":"ListItem","position":1,"name":"Home","item":"https:\/\/vagaluna.it\/pt-br\/home\/"},{"@type":"ListItem","position":2,"name":"Agenda Brasil Mil\u00e3o 2019"}]},{"@type":"WebSite","@id":"https:\/\/vagaluna.it\/pt-br\/#website","url":"https:\/\/vagaluna.it\/pt-br\/","name":"Vagaluna","description":"Vagaluna","publisher":{"@id":"https:\/\/vagaluna.it\/pt-br\/#organization"},"potentialAction":[{"@type":"SearchAction","target":{"@type":"EntryPoint","urlTemplate":"https:\/\/vagaluna.it\/pt-br\/?s={search_term_string}"},"query-input":{"@type":"PropertyValueSpecification","valueRequired":true,"valueName":"search_term_string"}}],"inLanguage":"pt-BR"},{"@type":"Organization","@id":"https:\/\/vagaluna.it\/pt-br\/#organization","name":"Vagaluna","url":"https:\/\/vagaluna.it\/pt-br\/","logo":{"@type":"ImageObject","inLanguage":"pt-BR","@id":"https:\/\/vagaluna.it\/pt-br\/#\/schema\/logo\/image\/","url":"https:\/\/vagaluna.it\/wp-content\/uploads\/2023\/01\/cropped-vagaluna_logo_trasparente-2-300x81-1.png","contentUrl":"https:\/\/vagaluna.it\/wp-content\/uploads\/2023\/01\/cropped-vagaluna_logo_trasparente-2-300x81-1.png","width":300,"height":81,"caption":"Vagaluna"},"image":{"@id":"https:\/\/vagaluna.it\/pt-br\/#\/schema\/logo\/image\/"}},{"@type":"Person","@id":"https:\/\/vagaluna.it\/pt-br\/#\/schema\/person\/66cd1b8afc7bf49d8d7fbcb7a67f0a47","name":"Admin","sameAs":["https:\/\/vagaluna.it"],"url":"https:\/\/vagaluna.it\/pt-br\/author\/admin\/"}]}},"_links":{"self":[{"href":"https:\/\/vagaluna.it\/pt-br\/wp-json\/wp\/v2\/posts\/1350","targetHints":{"allow":["GET"]}}],"collection":[{"href":"https:\/\/vagaluna.it\/pt-br\/wp-json\/wp\/v2\/posts"}],"about":[{"href":"https:\/\/vagaluna.it\/pt-br\/wp-json\/wp\/v2\/types\/post"}],"author":[{"embeddable":true,"href":"https:\/\/vagaluna.it\/pt-br\/wp-json\/wp\/v2\/users\/1"}],"replies":[{"embeddable":true,"href":"https:\/\/vagaluna.it\/pt-br\/wp-json\/wp\/v2\/comments?post=1350"}],"version-history":[{"count":14,"href":"https:\/\/vagaluna.it\/pt-br\/wp-json\/wp\/v2\/posts\/1350\/revisions"}],"predecessor-version":[{"id":3120,"href":"https:\/\/vagaluna.it\/pt-br\/wp-json\/wp\/v2\/posts\/1350\/revisions\/3120"}],"wp:featuredmedia":[{"embeddable":true,"href":"https:\/\/vagaluna.it\/pt-br\/wp-json\/wp\/v2\/media\/3112"}],"wp:attachment":[{"href":"https:\/\/vagaluna.it\/pt-br\/wp-json\/wp\/v2\/media?parent=1350"}],"wp:term":[{"taxonomy":"category","embeddable":true,"href":"https:\/\/vagaluna.it\/pt-br\/wp-json\/wp\/v2\/categories?post=1350"},{"taxonomy":"post_tag","embeddable":true,"href":"https:\/\/vagaluna.it\/pt-br\/wp-json\/wp\/v2\/tags?post=1350"}],"curies":[{"name":"wp","href":"https:\/\/api.w.org\/{rel}","templated":true}]}}