{"id":3103,"date":"2022-06-27T15:45:43","date_gmt":"2022-06-27T15:45:43","guid":{"rendered":"https:\/\/vagaluna.it\/nao-categorizado\/isola-del-cinema-roma-2022\/"},"modified":"2024-02-27T11:51:39","modified_gmt":"2024-02-27T11:51:39","slug":"isola-del-cinema-roma-2022","status":"publish","type":"post","link":"https:\/\/vagaluna.it\/pt-br\/agenda-brasil-pt-br\/agenda-brasil-roma-pt-br\/isola-del-cinema-roma-2022\/","title":{"rendered":"Isola del Cinema Roma 2022"},"content":{"rendered":"<p>[et_pb_section fb_built=&#8221;1&#8243; custom_padding_last_edited=&#8221;on|tablet&#8221; admin_label=&#8221;Packages&#8221; _builder_version=&#8221;4.16&#8243; custom_padding=&#8221;110px||110px|&#8221; custom_padding_tablet=&#8221;0px||0px|&#8221; custom_padding_phone=&#8221;&#8221; global_colors_info=&#8221;{}&#8221;][et_pb_row custom_padding_last_edited=&#8221;on|phone&#8221; admin_label=&#8221;T\u00edtulo dos pacotes&#8221; _builder_version=&#8221;4.16&#8243; custom_padding=&#8221;30px|0px|120px|0px&#8221; custom_padding_tablet=&#8221;60px||0px|&#8221; custom_padding_phone=&#8221;&#8221; locked=&#8221;off&#8221; global_colors_info=&#8221;{}&#8221;][et_pb_column type=&#8221;4_4&#8243; _builder_version=&#8221;4.16&#8243; custom_padding=&#8221;|||&#8221; global_colors_info=&#8221;{}&#8221; custom_padding__hover=&#8221;|||&#8221;][et_pb_text _builder_version=&#8221;4.21.0&#8243; text_font=&#8221;||||&#8221; text_text_color=&#8221;#1a1a1a&#8221; header_font=&#8221;Oswald|on||on|&#8221; header_text_align=&#8221;center&#8221; header_font_size=&#8221;60px&#8221; header_line_height=&#8221;1.3em&#8221; module_alignment=&#8221;center&#8221; custom_margin=&#8221;|||&#8221; custom_padding=&#8221;|||&#8221; animation_style=&#8221;slide&#8221; animation_direction=&#8221;top&#8221; animation_intensity_slide=&#8221;10%&#8221; locked=&#8221;off&#8221; global_colors_info=&#8221;{}&#8221;]<\/p>\n<h1>Agenda Brasil, Isola del Cinema, Roma 2022<\/h1>\n<p>[\/et_pb_text][et_pb_divider color=&#8221;#6b0008&#8243; divider_position=&#8221;center&#8221; divider_weight=&#8221;3px&#8221; disabled_on=&#8221;off|off|off&#8221; _builder_version=&#8221;4.19.4&#8243; max_width=&#8221;150px&#8221; module_alignment=&#8221;center&#8221; height=&#8221;false&#8221; custom_margin=&#8221;30px|||&#8221; animation_style=&#8221;slide&#8221; animation_direction=&#8221;top&#8221; animation_delay=&#8221;100ms&#8221; animation_intensity_slide=&#8221;10%&#8221; locked=&#8221;off&#8221; global_colors_info=&#8221;{}&#8221;][\/et_pb_divider][\/et_pb_column][\/et_pb_row][et_pb_row column_structure=&#8221;1_2,1_2&#8243; admin_label=&#8221;pacote&#8221; _builder_version=&#8221;4.16&#8243; background_size=&#8221;initial&#8221; background_position=&#8221;top_left&#8221; background_repeat=&#8221;repeat&#8221; global_colors_info=&#8221;{}&#8221;][et_pb_column type=&#8221;1_2&#8243; _builder_version=&#8221;4.16&#8243; custom_padding=&#8221;|||&#8221; global_colors_info=&#8221;{}&#8221; custom_padding__hover=&#8221;|||&#8221;][et_pb_image src=&#8221;https:\/\/vagaluna.it\/wp-content\/uploads\/2023\/06\/Copia-di-Schermata-2022-06-23-alle-15.48.55.png&#8221; title_text=&#8221;Copia-di-Schermata-2022-06-23-alle-15.48.55&#8243; align_tablet=&#8221;center&#8221; align_phone=&#8221;center&#8221; align_last_edited=&#8221;on|desktop&#8221; admin_label=&#8221;Package Image&#8221; _builder_version=&#8221;4.21.0&#8243; animation_style=&#8221;fold&#8221; animation_direction=&#8221;right&#8221; animation_intensity_fold=&#8221;20%&#8221; global_colors_info=&#8221;{}&#8221;][\/et_pb_image][\/et_pb_column][et_pb_column type=&#8221;1_2&#8243; _builder_version=&#8221;4.16&#8243; custom_padding=&#8221;|||&#8221; global_colors_info=&#8221;{}&#8221; custom_padding__hover=&#8221;|||&#8221;][et_pb_text admin_label=&#8221;Description&#8221; _builder_version=&#8221;4.21.0&#8243; text_font=&#8221;Roboto||||&#8221; text_font_size=&#8221;16px&#8221; text_line_height=&#8221;1.8em&#8221; background_size=&#8221;initial&#8221; background_position=&#8221;top_left&#8221; background_repeat=&#8221;repeat&#8221; animation_style=&#8221;zoom&#8221; animation_direction=&#8221;left&#8221; animation_delay=&#8221;100ms&#8221; animation_intensity_zoom=&#8221;10%&#8221; global_colors_info=&#8221;{}&#8221;]<\/p>\n<p>Para a 28\u00aa edi\u00e7\u00e3o do Isola del Cinema, Festival de Cinema e Cultura que acontece todos os anos ao ar livre na Ilha Tiberina, a associa\u00e7\u00e3o Vagaluna traz a Roma o diretor pernambucano Camilo Cavalcante, que apresentar\u00e1 dois longas-metragens na se\u00e7\u00e3o Isola Mundo.<\/p>\n<p>As exibi\u00e7\u00f5es, na vers\u00e3o original com legendas em italiano, acontecer\u00e3o \u00e0s 22h, na sala Cinelab da Isola del Cinema, com entrada gratuita mediante reserva.<\/p>\n<p>Antes da exposi\u00e7\u00e3o, no dia 5 de julho, a Embaixada do Brasil convida para um encontro com Camilo Cavalcante no Instituto Guimar\u00e3es Rosa, na Piazza Navona 18.<\/p>\n<p>[\/et_pb_text][\/et_pb_column][\/et_pb_row][et_pb_row column_structure=&#8221;1_2,1_2&#8243; admin_label=&#8221;pacote&#8221; _builder_version=&#8221;4.16&#8243; background_size=&#8221;initial&#8221; background_position=&#8221;top_left&#8221; background_repeat=&#8221;repeat&#8221; global_colors_info=&#8221;{}&#8221;][et_pb_column type=&#8221;1_2&#8243; _builder_version=&#8221;4.16&#8243; custom_padding=&#8221;|||&#8221; global_colors_info=&#8221;{}&#8221; custom_padding__hover=&#8221;|||&#8221;][et_pb_image src=&#8221;https:\/\/vagaluna.it\/wp-content\/uploads\/2023\/06\/Schermata-2022-06-09-alle-17.23.15.png&#8221; title_text=&#8221;Schermata-2022-06-09-alle-17.23.15&#8243; align_tablet=&#8221;center&#8221; align_phone=&#8221;center&#8221; align_last_edited=&#8221;on|desktop&#8221; admin_label=&#8221;Package Image&#8221; _builder_version=&#8221;4.21.0&#8243; animation_style=&#8221;fold&#8221; animation_direction=&#8221;right&#8221; animation_intensity_fold=&#8221;20%&#8221; global_colors_info=&#8221;{}&#8221;][\/et_pb_image][\/et_pb_column][et_pb_column type=&#8221;1_2&#8243; _builder_version=&#8221;4.16&#8243; custom_padding=&#8221;|||&#8221; global_colors_info=&#8221;{}&#8221; custom_padding__hover=&#8221;|||&#8221;][et_pb_text admin_label=&#8221;Description&#8221; _builder_version=&#8221;4.21.0&#8243; text_font=&#8221;Roboto||||&#8221; text_font_size=&#8221;16px&#8221; text_line_height=&#8221;1.8em&#8221; background_size=&#8221;initial&#8221; background_position=&#8221;top_left&#8221; background_repeat=&#8221;repeat&#8221; animation_style=&#8221;zoom&#8221; animation_direction=&#8221;left&#8221; animation_delay=&#8221;100ms&#8221; animation_intensity_zoom=&#8221;10%&#8221; global_colors_info=&#8221;{}&#8221;]<\/p>\n<p>Segunda-feira, 4 de julho Sala Cinelab \u2013 h. 22.00 \u2013 Filme e encontro com o diretor.<\/p>\n<p><strong>King Kong em Assun\u00e7\u00e3o<\/strong>. DIRET\u00d3RIO: Camillo Cavalcante. Pa\u00eds Brasil. DURA\u00c7\u00c3O: 90&#8242;. ANO: 2020. Com Andrade Junior, Ana Ivanova, J. Carlos Aduviri, Fernando Teixeira. O \u201cVelho\u201d \u00e9 um assassino de aluguel que vagueia pelos p\u00e2ntanos, salinas, montanhas e florestas da Am\u00e9rica Latina, alugando seu trabalho. Mas ele est\u00e1 cansado e quer se aposentar. Ele ent\u00e3o viaja para Assun\u00e7\u00e3o, no Paraguai, para encontrar sua \u00fanica filha, que nunca conheceu.<\/p>\n<p><a href=\"https:\/\/dice.fm\/event\/leo3w-king-kong-en-asuncin-4th-jul-isola-del-cinema-cinelab-roma-tickets\"><strong>Clique aqui para reservar seu lugar<\/strong><\/a><\/p>\n<p>[\/et_pb_text][\/et_pb_column][\/et_pb_row][et_pb_row column_structure=&#8221;1_2,1_2&#8243; admin_label=&#8221;pacote&#8221; _builder_version=&#8221;4.16&#8243; background_size=&#8221;initial&#8221; background_position=&#8221;top_left&#8221; background_repeat=&#8221;repeat&#8221; global_colors_info=&#8221;{}&#8221;][et_pb_column type=&#8221;1_2&#8243; _builder_version=&#8221;4.16&#8243; custom_padding=&#8221;|||&#8221; global_colors_info=&#8221;{}&#8221; custom_padding__hover=&#8221;|||&#8221;][et_pb_image src=&#8221;https:\/\/vagaluna.it\/wp-content\/uploads\/2023\/06\/Schermata-2022-06-09-alle-17.35.54.png&#8221; title_text=&#8221;Schermata-2022-06-09-alle-17.35.54&#8243; align_tablet=&#8221;center&#8221; align_phone=&#8221;center&#8221; align_last_edited=&#8221;on|desktop&#8221; admin_label=&#8221;Package Image&#8221; _builder_version=&#8221;4.21.0&#8243; animation_style=&#8221;fold&#8221; animation_direction=&#8221;right&#8221; animation_intensity_fold=&#8221;20%&#8221; global_colors_info=&#8221;{}&#8221;][\/et_pb_image][\/et_pb_column][et_pb_column type=&#8221;1_2&#8243; _builder_version=&#8221;4.16&#8243; custom_padding=&#8221;|||&#8221; global_colors_info=&#8221;{}&#8221; custom_padding__hover=&#8221;|||&#8221;][et_pb_text admin_label=&#8221;Description&#8221; _builder_version=&#8221;4.21.0&#8243; text_font=&#8221;Roboto||||&#8221; text_font_size=&#8221;16px&#8221; text_line_height=&#8221;1.8em&#8221; background_size=&#8221;initial&#8221; background_position=&#8221;top_left&#8221; background_repeat=&#8221;repeat&#8221; animation_style=&#8221;zoom&#8221; animation_direction=&#8221;left&#8221; animation_delay=&#8221;100ms&#8221; animation_intensity_zoom=&#8221;10%&#8221; global_colors_info=&#8221;{}&#8221;]<\/p>\n<p>Ter\u00e7a-feira, 5 de julho Instituto Guimar\u00e3es Rosa Piazza Navona 18h \u2013 h. 18.00<\/p>\n<p>Exibi\u00e7\u00e3o do curta Ave Maria ou M\u00e3e dos Sertanejos, 2009, 12\u2032.<\/p>\n<p>Apresenta\u00e7\u00e3o do livro <strong>A hist\u00f3ria da eternidade<\/strong> com o autor Camilo Cavalcante.<\/p>\n<p>Neste livro, o diretor apresenta a vers\u00e3o original do roteiro que deu in\u00edcio a essas tramas, com a concep\u00e7\u00e3o dos personagens e sua pequena cidade do interior, cenas extras e um caderno com imagens dos bastidores, al\u00e9m de textos de cr\u00edticos cineastas e pesquisadores do po\u00e9tica de alto impacto deste premiado filme pernambucano.<\/p>\n<p><strong>Reuni\u00e3o em portugu\u00eas.<\/strong><\/p>\n<p>Entrada gratuita.<\/p>\n<p>[\/et_pb_text][\/et_pb_column][\/et_pb_row][et_pb_row column_structure=&#8221;1_2,1_2&#8243; admin_label=&#8221;pacote&#8221; _builder_version=&#8221;4.16&#8243; background_size=&#8221;initial&#8221; background_position=&#8221;top_left&#8221; background_repeat=&#8221;repeat&#8221; global_colors_info=&#8221;{}&#8221;][et_pb_column type=&#8221;1_2&#8243; _builder_version=&#8221;4.16&#8243; custom_padding=&#8221;|||&#8221; global_colors_info=&#8221;{}&#8221; custom_padding__hover=&#8221;|||&#8221;][et_pb_image src=&#8221;https:\/\/vagaluna.it\/wp-content\/uploads\/2023\/06\/AHDE1.png&#8221; title_text=&#8221;AHDE1&#8243; align_tablet=&#8221;center&#8221; align_phone=&#8221;center&#8221; align_last_edited=&#8221;on|desktop&#8221; admin_label=&#8221;Package Image&#8221; _builder_version=&#8221;4.21.0&#8243; animation_style=&#8221;fold&#8221; animation_direction=&#8221;right&#8221; animation_intensity_fold=&#8221;20%&#8221; global_colors_info=&#8221;{}&#8221;][\/et_pb_image][\/et_pb_column][et_pb_column type=&#8221;1_2&#8243; _builder_version=&#8221;4.16&#8243; custom_padding=&#8221;|||&#8221; global_colors_info=&#8221;{}&#8221; custom_padding__hover=&#8221;|||&#8221;][et_pb_text admin_label=&#8221;Description&#8221; _builder_version=&#8221;4.21.0&#8243; text_font=&#8221;Roboto||||&#8221; text_font_size=&#8221;16px&#8221; text_line_height=&#8221;1.8em&#8221; background_size=&#8221;initial&#8221; background_position=&#8221;top_left&#8221; background_repeat=&#8221;repeat&#8221; animation_style=&#8221;zoom&#8221; animation_direction=&#8221;left&#8221; animation_delay=&#8221;100ms&#8221; animation_intensity_zoom=&#8221;10%&#8221; global_colors_info=&#8221;{}&#8221;]<\/p>\n<p>Ter\u00e7a-feira, 5 de julho Sala Cinelab \u2013 h. 22.00 \u2013 Filme e encontro com o diretor<\/p>\n<p><strong>A hist\u00f3ria da eternidade<\/strong>. DIRETOR: Camillo Cavalcante. Pa\u00eds Brasil. DURA\u00c7\u00c3O: 120&#8242;. ANO: 2014. Com Irandhir Santos, Marcelia Cartaxo, Zezita Matos, Cl\u00e1udio Jaborandy, D\u00e9bora Ingrid, Maxwell Nascimento. As hist\u00f3rias de amor e desejo de tr\u00eas mulheres de diferentes idades em uma aldeia de 40 habitantes, numa paisagem des\u00e9rtica do Nordeste do Brasil.<\/p>\n<p><a href=\"https:\/\/dice.fm\/event\/leowp-a-histria-da-eternidade-5th-jul-isola-del-cinema-cinelab-roma-tickets\"><strong>Clique aqui para reservar seu lugar<\/strong><\/a><\/p>\n<p>[\/et_pb_text][\/et_pb_column][\/et_pb_row][et_pb_row admin_label=&#8221;pacote&#8221; _builder_version=&#8221;4.16&#8243; background_size=&#8221;initial&#8221; background_position=&#8221;top_left&#8221; background_repeat=&#8221;repeat&#8221; global_colors_info=&#8221;{}&#8221;][et_pb_column type=&#8221;4_4&#8243; _builder_version=&#8221;4.16&#8243; custom_padding=&#8221;|||&#8221; global_colors_info=&#8221;{}&#8221; custom_padding__hover=&#8221;|||&#8221;][et_pb_divider color=&#8221;#6b0008&#8243; divider_position=&#8221;center&#8221; divider_weight=&#8221;3px&#8221; disabled_on=&#8221;off|off|off&#8221; _builder_version=&#8221;4.19.4&#8243; max_width=&#8221;300px&#8221; module_alignment=&#8221;left&#8221; height=&#8221;false&#8221; custom_margin=&#8221;30px|||&#8221; animation_style=&#8221;slide&#8221; animation_direction=&#8221;top&#8221; animation_delay=&#8221;100ms&#8221; animation_intensity_slide=&#8221;10%&#8221; locked=&#8221;off&#8221; global_colors_info=&#8221;{}&#8221;][\/et_pb_divider][\/et_pb_column][\/et_pb_row][et_pb_row column_structure=&#8221;1_2,1_2&#8243; admin_label=&#8221;pacote&#8221; _builder_version=&#8221;4.16&#8243; background_size=&#8221;initial&#8221; background_position=&#8221;top_left&#8221; background_repeat=&#8221;repeat&#8221; global_colors_info=&#8221;{}&#8221;][et_pb_column type=&#8221;1_2&#8243; _builder_version=&#8221;4.16&#8243; custom_padding=&#8221;|||&#8221; global_colors_info=&#8221;{}&#8221; custom_padding__hover=&#8221;|||&#8221;][et_pb_image src=&#8221;https:\/\/vagaluna.it\/wp-content\/uploads\/2023\/06\/Copia-di-LOGO-AGENDA-BRASIL-ORIZZ-300&#215;169-1.jpg&#8221; title_text=&#8221;Copia-di-LOGO-AGENDA-BRASIL-ORIZZ-300&#215;169&#8243; align_tablet=&#8221;center&#8221; align_phone=&#8221;center&#8221; align_last_edited=&#8221;on|desktop&#8221; admin_label=&#8221;Package Image&#8221; _builder_version=&#8221;4.21.0&#8243; animation_style=&#8221;fold&#8221; animation_direction=&#8221;right&#8221; animation_intensity_fold=&#8221;20%&#8221; global_colors_info=&#8221;{}&#8221;][\/et_pb_image][\/et_pb_column][et_pb_column type=&#8221;1_2&#8243; _builder_version=&#8221;4.16&#8243; custom_padding=&#8221;|||&#8221; global_colors_info=&#8221;{}&#8221; custom_padding__hover=&#8221;|||&#8221;][et_pb_image src=&#8221;https:\/\/vagaluna.it\/wp-content\/uploads\/2023\/06\/Schermata-2022-06-14-alle-22.13.54-300&#215;171-1.png&#8221; title_text=&#8221;Schermata-2022-06-14-alle-22.13.54-300&#215;171&#8243; align_tablet=&#8221;center&#8221; align_phone=&#8221;center&#8221; align_last_edited=&#8221;on|desktop&#8221; admin_label=&#8221;Package Image&#8221; _builder_version=&#8221;4.21.0&#8243; animation_style=&#8221;fold&#8221; animation_direction=&#8221;right&#8221; animation_intensity_fold=&#8221;20%&#8221; global_colors_info=&#8221;{}&#8221;][\/et_pb_image][\/et_pb_column][\/et_pb_row][et_pb_row admin_label=&#8221;pacote&#8221; _builder_version=&#8221;4.16&#8243; background_size=&#8221;initial&#8221; background_position=&#8221;top_left&#8221; background_repeat=&#8221;repeat&#8221; global_colors_info=&#8221;{}&#8221;][et_pb_column type=&#8221;4_4&#8243; _builder_version=&#8221;4.16&#8243; custom_padding=&#8221;|||&#8221; global_colors_info=&#8221;{}&#8221; custom_padding__hover=&#8221;|||&#8221;][et_pb_image src=&#8221;https:\/\/vagaluna.it\/wp-content\/uploads\/2023\/06\/Schermata-2022-06-16-alle-08.13.11.png&#8221; title_text=&#8221;Schermata-2022-06-16-alle-08.13.11&#8243; align_tablet=&#8221;center&#8221; align_phone=&#8221;center&#8221; align_last_edited=&#8221;on|desktop&#8221; admin_label=&#8221;Package Image&#8221; _builder_version=&#8221;4.21.0&#8243; animation_style=&#8221;fold&#8221; animation_direction=&#8221;right&#8221; animation_intensity_fold=&#8221;20%&#8221; global_colors_info=&#8221;{}&#8221;][\/et_pb_image][\/et_pb_column][\/et_pb_row][et_pb_row column_structure=&#8221;1_2,1_2&#8243; admin_label=&#8221;pacote&#8221; _builder_version=&#8221;4.16&#8243; background_size=&#8221;initial&#8221; background_position=&#8221;top_left&#8221; background_repeat=&#8221;repeat&#8221; global_colors_info=&#8221;{}&#8221;][et_pb_column type=&#8221;1_2&#8243; _builder_version=&#8221;4.16&#8243; custom_padding=&#8221;|||&#8221; global_colors_info=&#8221;{}&#8221; custom_padding__hover=&#8221;|||&#8221;][et_pb_image src=&#8221;https:\/\/vagaluna.it\/wp-content\/uploads\/2023\/06\/a5a455de-9589-4110-b9fd-edaaad5f466c-150&#215;150-1.jpg&#8221; title_text=&#8221;a5a455de-9589-4110-b9fd-edaaad5f466c-150&#215;150&#8243; align_tablet=&#8221;center&#8221; align_phone=&#8221;center&#8221; align_last_edited=&#8221;on|desktop&#8221; admin_label=&#8221;Package Image&#8221; _builder_version=&#8221;4.21.0&#8243; animation_style=&#8221;fold&#8221; animation_direction=&#8221;right&#8221; animation_intensity_fold=&#8221;20%&#8221; global_colors_info=&#8221;{}&#8221;][\/et_pb_image][\/et_pb_column][et_pb_column type=&#8221;1_2&#8243; _builder_version=&#8221;4.16&#8243; custom_padding=&#8221;|||&#8221; global_colors_info=&#8221;{}&#8221; custom_padding__hover=&#8221;|||&#8221;][et_pb_image src=&#8221;https:\/\/vagaluna.it\/wp-content\/uploads\/2023\/06\/55f712c5-8d38-4b1a-aa34-d2f7b2e6046a-150&#215;150-1.jpg&#8221; title_text=&#8221;55f712c5-8d38-4b1a-aa34-d2f7b2e6046a-150&#215;150&#8243; align_tablet=&#8221;center&#8221; align_phone=&#8221;center&#8221; align_last_edited=&#8221;on|desktop&#8221; admin_label=&#8221;Package Image&#8221; _builder_version=&#8221;4.21.0&#8243; animation_style=&#8221;fold&#8221; animation_direction=&#8221;right&#8221; animation_intensity_fold=&#8221;20%&#8221; global_colors_info=&#8221;{}&#8221;][\/et_pb_image][\/et_pb_column][\/et_pb_row][\/et_pb_section][et_pb_section fb_built=&#8221;1&#8243; admin_label=&#8221;Promo Section&#8221; _builder_version=&#8221;4.19.4&#8243; background_color=&#8221;rgba(0,0,0,0.5)&#8221; background_image=&#8221;https:\/\/vagaluna.it\/wp-content\/uploads\/2023\/01\/newsletter-vagaluna-1.jpg&#8221; background_blend=&#8221;color&#8221; custom_padding=&#8221;120px||120px|&#8221; saved_tabs=&#8221;all&#8221; global_colors_info=&#8221;{}&#8221; global_module=&#8221;2867&#8243; theme_builder_area=&#8221;post_content&#8221;][et_pb_row _builder_version=&#8221;4.22.1&#8243; background_size=&#8221;initial&#8221; background_position=&#8221;top_left&#8221; background_repeat=&#8221;repeat&#8221; custom_margin=&#8221;|||&#8221; global_colors_info=&#8221;{}&#8221; theme_builder_area=&#8221;post_content&#8221;][et_pb_column type=&#8221;4_4&#8243; _builder_version=&#8221;4.16&#8243; custom_padding=&#8221;|||&#8221; global_colors_info=&#8221;{}&#8221; custom_padding__hover=&#8221;|||&#8221; theme_builder_area=&#8221;post_content&#8221;][et_pb_text admin_label=&#8221;CTA Section Subtitle&#8221; _builder_version=&#8221;4.22.1&#8243; text_font=&#8221;Roboto|on||on|&#8221; text_font_size=&#8221;24px&#8221; text_letter_spacing=&#8221;4px&#8221; background_size=&#8221;initial&#8221; background_position=&#8221;top_left&#8221; background_repeat=&#8221;repeat&#8221; background_layout=&#8221;dark&#8221; module_alignment=&#8221;center&#8221; animation_direction=&#8221;left&#8221; global_colors_info=&#8221;{}&#8221; theme_builder_area=&#8221;post_content&#8221;]<\/p>\n<p>Newsletter<\/p>\n<p>[\/et_pb_text][et_pb_divider color=&#8221;#ffffff&#8221; divider_position=&#8221;center&#8221; divider_weight=&#8221;3px&#8221; disabled_on=&#8221;on|on|off%22%22&#8243; _builder_version=&#8221;4.16&#8243; max_width=&#8221;150px&#8221; module_alignment=&#8221;left&#8221; height=&#8221;false&#8221; animation_style=&#8221;zoom&#8221; animation_direction=&#8221;left&#8221; animation_delay=&#8221;200ms&#8221; animation_intensity_zoom=&#8221;20%&#8221; locked=&#8221;off&#8221; global_colors_info=&#8221;{}&#8221; theme_builder_area=&#8221;post_content&#8221;][\/et_pb_divider][et_pb_button button_url=&#8221;@ET-DC@eyJkeW5hbWljIjp0cnVlLCJjb250ZW50IjoicG9zdF9saW5rX3VybF9wYWdlIiwic2V0dGluZ3MiOnsicG9zdF9pZCI6IjI4MjMifX0=@&#8221; button_text=&#8221;subscrever a newsletter&#8221; button_alignment=&#8221;left&#8221; admin_label=&#8221;Gallery Button&#8221; _builder_version=&#8221;4.22.1&#8243; _dynamic_attributes=&#8221;button_url&#8221; button_icon=&#8221;&#x24;||divi||400&#8243; button_icon_color=&#8221;#1a1a1a&#8221; background_layout=&#8221;dark&#8221; button_border_color_hover=&#8221;#1a1a1a&#8221; button_border_radius_hover=&#8221;0px&#8221; button_letter_spacing_hover=&#8221;4px&#8221; button_bg_color_hover=&#8221;rgba(0,0,0,0)&#8221; global_colors_info=&#8221;{}&#8221; button_text_size__hover_enabled=&#8221;off&#8221; button_one_text_size__hover_enabled=&#8221;off&#8221; button_two_text_size__hover_enabled=&#8221;off&#8221; button_text_color__hover_enabled=&#8221;off&#8221; button_one_text_color__hover_enabled=&#8221;off&#8221; button_two_text_color__hover_enabled=&#8221;off&#8221; button_border_width__hover_enabled=&#8221;off&#8221; button_one_border_width__hover_enabled=&#8221;off&#8221; button_two_border_width__hover_enabled=&#8221;off&#8221; button_border_color__hover_enabled=&#8221;on&#8221; button_border_color__hover=&#8221;#1a1a1a&#8221; button_one_border_color__hover_enabled=&#8221;off&#8221; button_two_border_color__hover_enabled=&#8221;off&#8221; button_border_radius__hover_enabled=&#8221;on&#8221; button_border_radius__hover=&#8221;0px&#8221; button_one_border_radius__hover_enabled=&#8221;off&#8221; button_two_border_radius__hover_enabled=&#8221;off&#8221; button_letter_spacing__hover_enabled=&#8221;on&#8221; button_letter_spacing__hover=&#8221;4px&#8221; button_one_letter_spacing__hover_enabled=&#8221;off&#8221; button_two_letter_spacing__hover_enabled=&#8221;off&#8221; button_bg_color__hover_enabled=&#8221;on&#8221; button_bg_color__hover=&#8221;rgba(0,0,0,0)&#8221; button_one_bg_color__hover_enabled=&#8221;off&#8221; button_two_bg_color__hover_enabled=&#8221;off&#8221; theme_builder_area=&#8221;post_content&#8221;][\/et_pb_button][\/et_pb_column][\/et_pb_row][\/et_pb_section]<\/p>\n","protected":false},"excerpt":{"rendered":"<p>Agenda Brasil, Isola del Cinema, Roma 2022Para a 28\u00aa edi\u00e7\u00e3o do Isola del Cinema, Festival de Cinema e Cultura que acontece todos os anos ao ar livre na Ilha Tiberina, a associa\u00e7\u00e3o Vagaluna traz a Roma o diretor pernambucano Camilo Cavalcante, que apresentar\u00e1 dois longas-metragens na se\u00e7\u00e3o Isola Mundo. As exibi\u00e7\u00f5es, na vers\u00e3o original com [&hellip;]<\/p>\n","protected":false},"author":1,"featured_media":1481,"comment_status":"closed","ping_status":"open","sticky":false,"template":"","format":"standard","meta":{"_et_pb_use_builder":"on","_et_pb_old_content":"","_et_gb_content_width":"","footnotes":""},"categories":[34],"tags":[],"class_list":["post-3103","post","type-post","status-publish","format-standard","has-post-thumbnail","hentry","category-agenda-brasil-roma-pt-br"],"yoast_head":"<!-- This site is optimized with the Yoast SEO plugin v26.9 - https:\/\/yoast.com\/product\/yoast-seo-wordpress\/ -->\n<title>Isola del Cinema Roma 2022 - Vagaluna<\/title>\n<meta name=\"robots\" content=\"index, follow, max-snippet:-1, max-image-preview:large, max-video-preview:-1\" \/>\n<link rel=\"canonical\" href=\"https:\/\/vagaluna.it\/pt-br\/agenda-brasil-pt-br\/agenda-brasil-roma-pt-br\/isola-del-cinema-roma-2022\/\" \/>\n<meta property=\"og:locale\" content=\"pt_BR\" \/>\n<meta property=\"og:type\" content=\"article\" \/>\n<meta property=\"og:title\" content=\"Isola del Cinema Roma 2022 - Vagaluna\" \/>\n<meta property=\"og:description\" content=\"Agenda Brasil, Isola del Cinema, Roma 2022Para a 28\u00aa edi\u00e7\u00e3o do Isola del Cinema, Festival de Cinema e Cultura que acontece todos os anos ao ar livre na Ilha Tiberina, a associa\u00e7\u00e3o Vagaluna traz a Roma o diretor pernambucano Camilo Cavalcante, que apresentar\u00e1 dois longas-metragens na se\u00e7\u00e3o Isola Mundo. As exibi\u00e7\u00f5es, na vers\u00e3o original com [&hellip;]\" \/>\n<meta property=\"og:url\" content=\"https:\/\/vagaluna.it\/pt-br\/agenda-brasil-pt-br\/agenda-brasil-roma-pt-br\/isola-del-cinema-roma-2022\/\" \/>\n<meta property=\"og:site_name\" content=\"Vagaluna\" \/>\n<meta property=\"article:published_time\" content=\"2022-06-27T15:45:43+00:00\" \/>\n<meta property=\"article:modified_time\" content=\"2024-02-27T11:51:39+00:00\" \/>\n<meta property=\"og:image\" content=\"https:\/\/vagaluna.it\/wp-content\/uploads\/2023\/06\/isola-del-cinema-roma-2022-agenda-brasil-01.jpg\" \/>\n\t<meta property=\"og:image:width\" content=\"800\" \/>\n\t<meta property=\"og:image:height\" content=\"500\" \/>\n\t<meta property=\"og:image:type\" content=\"image\/jpeg\" \/>\n<meta name=\"author\" content=\"Admin\" \/>\n<meta name=\"twitter:card\" content=\"summary_large_image\" \/>\n<meta name=\"twitter:label1\" content=\"Escrito por\" \/>\n\t<meta name=\"twitter:data1\" content=\"Admin\" \/>\n\t<meta name=\"twitter:label2\" content=\"Est. tempo de leitura\" \/>\n\t<meta name=\"twitter:data2\" content=\"5 minutos\" \/>\n<script type=\"application\/ld+json\" class=\"yoast-schema-graph\">{\"@context\":\"https:\/\/schema.org\",\"@graph\":[{\"@type\":\"Article\",\"@id\":\"https:\/\/vagaluna.it\/pt-br\/agenda-brasil-pt-br\/agenda-brasil-roma-pt-br\/isola-del-cinema-roma-2022\/#article\",\"isPartOf\":{\"@id\":\"https:\/\/vagaluna.it\/pt-br\/agenda-brasil-pt-br\/agenda-brasil-roma-pt-br\/isola-del-cinema-roma-2022\/\"},\"author\":{\"name\":\"Admin\",\"@id\":\"https:\/\/vagaluna.it\/pt-br\/#\/schema\/person\/66cd1b8afc7bf49d8d7fbcb7a67f0a47\"},\"headline\":\"Isola del Cinema Roma 2022\",\"datePublished\":\"2022-06-27T15:45:43+00:00\",\"dateModified\":\"2024-02-27T11:51:39+00:00\",\"mainEntityOfPage\":{\"@id\":\"https:\/\/vagaluna.it\/pt-br\/agenda-brasil-pt-br\/agenda-brasil-roma-pt-br\/isola-del-cinema-roma-2022\/\"},\"wordCount\":2193,\"publisher\":{\"@id\":\"https:\/\/vagaluna.it\/pt-br\/#organization\"},\"image\":{\"@id\":\"https:\/\/vagaluna.it\/pt-br\/agenda-brasil-pt-br\/agenda-brasil-roma-pt-br\/isola-del-cinema-roma-2022\/#primaryimage\"},\"thumbnailUrl\":\"https:\/\/vagaluna.it\/wp-content\/uploads\/2023\/06\/isola-del-cinema-roma-2022-agenda-brasil-01.jpg\",\"articleSection\":[\"Agenda Brasil Roma\"],\"inLanguage\":\"pt-BR\"},{\"@type\":\"WebPage\",\"@id\":\"https:\/\/vagaluna.it\/pt-br\/agenda-brasil-pt-br\/agenda-brasil-roma-pt-br\/isola-del-cinema-roma-2022\/\",\"url\":\"https:\/\/vagaluna.it\/pt-br\/agenda-brasil-pt-br\/agenda-brasil-roma-pt-br\/isola-del-cinema-roma-2022\/\",\"name\":\"Isola del Cinema Roma 2022 - Vagaluna\",\"isPartOf\":{\"@id\":\"https:\/\/vagaluna.it\/pt-br\/#website\"},\"primaryImageOfPage\":{\"@id\":\"https:\/\/vagaluna.it\/pt-br\/agenda-brasil-pt-br\/agenda-brasil-roma-pt-br\/isola-del-cinema-roma-2022\/#primaryimage\"},\"image\":{\"@id\":\"https:\/\/vagaluna.it\/pt-br\/agenda-brasil-pt-br\/agenda-brasil-roma-pt-br\/isola-del-cinema-roma-2022\/#primaryimage\"},\"thumbnailUrl\":\"https:\/\/vagaluna.it\/wp-content\/uploads\/2023\/06\/isola-del-cinema-roma-2022-agenda-brasil-01.jpg\",\"datePublished\":\"2022-06-27T15:45:43+00:00\",\"dateModified\":\"2024-02-27T11:51:39+00:00\",\"breadcrumb\":{\"@id\":\"https:\/\/vagaluna.it\/pt-br\/agenda-brasil-pt-br\/agenda-brasil-roma-pt-br\/isola-del-cinema-roma-2022\/#breadcrumb\"},\"inLanguage\":\"pt-BR\",\"potentialAction\":[{\"@type\":\"ReadAction\",\"target\":[\"https:\/\/vagaluna.it\/pt-br\/agenda-brasil-pt-br\/agenda-brasil-roma-pt-br\/isola-del-cinema-roma-2022\/\"]}]},{\"@type\":\"ImageObject\",\"inLanguage\":\"pt-BR\",\"@id\":\"https:\/\/vagaluna.it\/pt-br\/agenda-brasil-pt-br\/agenda-brasil-roma-pt-br\/isola-del-cinema-roma-2022\/#primaryimage\",\"url\":\"https:\/\/vagaluna.it\/wp-content\/uploads\/2023\/06\/isola-del-cinema-roma-2022-agenda-brasil-01.jpg\",\"contentUrl\":\"https:\/\/vagaluna.it\/wp-content\/uploads\/2023\/06\/isola-del-cinema-roma-2022-agenda-brasil-01.jpg\",\"width\":800,\"height\":500},{\"@type\":\"BreadcrumbList\",\"@id\":\"https:\/\/vagaluna.it\/pt-br\/agenda-brasil-pt-br\/agenda-brasil-roma-pt-br\/isola-del-cinema-roma-2022\/#breadcrumb\",\"itemListElement\":[{\"@type\":\"ListItem\",\"position\":1,\"name\":\"Home\",\"item\":\"https:\/\/vagaluna.it\/pt-br\/home\/\"},{\"@type\":\"ListItem\",\"position\":2,\"name\":\"Isola del Cinema Roma 2022\"}]},{\"@type\":\"WebSite\",\"@id\":\"https:\/\/vagaluna.it\/pt-br\/#website\",\"url\":\"https:\/\/vagaluna.it\/pt-br\/\",\"name\":\"Vagaluna\",\"description\":\"Vagaluna\",\"publisher\":{\"@id\":\"https:\/\/vagaluna.it\/pt-br\/#organization\"},\"potentialAction\":[{\"@type\":\"SearchAction\",\"target\":{\"@type\":\"EntryPoint\",\"urlTemplate\":\"https:\/\/vagaluna.it\/pt-br\/?s={search_term_string}\"},\"query-input\":{\"@type\":\"PropertyValueSpecification\",\"valueRequired\":true,\"valueName\":\"search_term_string\"}}],\"inLanguage\":\"pt-BR\"},{\"@type\":\"Organization\",\"@id\":\"https:\/\/vagaluna.it\/pt-br\/#organization\",\"name\":\"Vagaluna\",\"url\":\"https:\/\/vagaluna.it\/pt-br\/\",\"logo\":{\"@type\":\"ImageObject\",\"inLanguage\":\"pt-BR\",\"@id\":\"https:\/\/vagaluna.it\/pt-br\/#\/schema\/logo\/image\/\",\"url\":\"https:\/\/vagaluna.it\/wp-content\/uploads\/2023\/01\/cropped-vagaluna_logo_trasparente-2-300x81-1.png\",\"contentUrl\":\"https:\/\/vagaluna.it\/wp-content\/uploads\/2023\/01\/cropped-vagaluna_logo_trasparente-2-300x81-1.png\",\"width\":300,\"height\":81,\"caption\":\"Vagaluna\"},\"image\":{\"@id\":\"https:\/\/vagaluna.it\/pt-br\/#\/schema\/logo\/image\/\"}},{\"@type\":\"Person\",\"@id\":\"https:\/\/vagaluna.it\/pt-br\/#\/schema\/person\/66cd1b8afc7bf49d8d7fbcb7a67f0a47\",\"name\":\"Admin\",\"sameAs\":[\"https:\/\/vagaluna.it\"],\"url\":\"https:\/\/vagaluna.it\/pt-br\/author\/admin\/\"}]}<\/script>\n<!-- \/ Yoast SEO plugin. -->","yoast_head_json":{"title":"Isola del Cinema Roma 2022 - Vagaluna","robots":{"index":"index","follow":"follow","max-snippet":"max-snippet:-1","max-image-preview":"max-image-preview:large","max-video-preview":"max-video-preview:-1"},"canonical":"https:\/\/vagaluna.it\/pt-br\/agenda-brasil-pt-br\/agenda-brasil-roma-pt-br\/isola-del-cinema-roma-2022\/","og_locale":"pt_BR","og_type":"article","og_title":"Isola del Cinema Roma 2022 - Vagaluna","og_description":"Agenda Brasil, Isola del Cinema, Roma 2022Para a 28\u00aa edi\u00e7\u00e3o do Isola del Cinema, Festival de Cinema e Cultura que acontece todos os anos ao ar livre na Ilha Tiberina, a associa\u00e7\u00e3o Vagaluna traz a Roma o diretor pernambucano Camilo Cavalcante, que apresentar\u00e1 dois longas-metragens na se\u00e7\u00e3o Isola Mundo. As exibi\u00e7\u00f5es, na vers\u00e3o original com [&hellip;]","og_url":"https:\/\/vagaluna.it\/pt-br\/agenda-brasil-pt-br\/agenda-brasil-roma-pt-br\/isola-del-cinema-roma-2022\/","og_site_name":"Vagaluna","article_published_time":"2022-06-27T15:45:43+00:00","article_modified_time":"2024-02-27T11:51:39+00:00","og_image":[{"width":800,"height":500,"url":"https:\/\/vagaluna.it\/wp-content\/uploads\/2023\/06\/isola-del-cinema-roma-2022-agenda-brasil-01.jpg","type":"image\/jpeg"}],"author":"Admin","twitter_card":"summary_large_image","twitter_misc":{"Escrito por":"Admin","Est. tempo de leitura":"5 minutos"},"schema":{"@context":"https:\/\/schema.org","@graph":[{"@type":"Article","@id":"https:\/\/vagaluna.it\/pt-br\/agenda-brasil-pt-br\/agenda-brasil-roma-pt-br\/isola-del-cinema-roma-2022\/#article","isPartOf":{"@id":"https:\/\/vagaluna.it\/pt-br\/agenda-brasil-pt-br\/agenda-brasil-roma-pt-br\/isola-del-cinema-roma-2022\/"},"author":{"name":"Admin","@id":"https:\/\/vagaluna.it\/pt-br\/#\/schema\/person\/66cd1b8afc7bf49d8d7fbcb7a67f0a47"},"headline":"Isola del Cinema Roma 2022","datePublished":"2022-06-27T15:45:43+00:00","dateModified":"2024-02-27T11:51:39+00:00","mainEntityOfPage":{"@id":"https:\/\/vagaluna.it\/pt-br\/agenda-brasil-pt-br\/agenda-brasil-roma-pt-br\/isola-del-cinema-roma-2022\/"},"wordCount":2193,"publisher":{"@id":"https:\/\/vagaluna.it\/pt-br\/#organization"},"image":{"@id":"https:\/\/vagaluna.it\/pt-br\/agenda-brasil-pt-br\/agenda-brasil-roma-pt-br\/isola-del-cinema-roma-2022\/#primaryimage"},"thumbnailUrl":"https:\/\/vagaluna.it\/wp-content\/uploads\/2023\/06\/isola-del-cinema-roma-2022-agenda-brasil-01.jpg","articleSection":["Agenda Brasil Roma"],"inLanguage":"pt-BR"},{"@type":"WebPage","@id":"https:\/\/vagaluna.it\/pt-br\/agenda-brasil-pt-br\/agenda-brasil-roma-pt-br\/isola-del-cinema-roma-2022\/","url":"https:\/\/vagaluna.it\/pt-br\/agenda-brasil-pt-br\/agenda-brasil-roma-pt-br\/isola-del-cinema-roma-2022\/","name":"Isola del Cinema Roma 2022 - Vagaluna","isPartOf":{"@id":"https:\/\/vagaluna.it\/pt-br\/#website"},"primaryImageOfPage":{"@id":"https:\/\/vagaluna.it\/pt-br\/agenda-brasil-pt-br\/agenda-brasil-roma-pt-br\/isola-del-cinema-roma-2022\/#primaryimage"},"image":{"@id":"https:\/\/vagaluna.it\/pt-br\/agenda-brasil-pt-br\/agenda-brasil-roma-pt-br\/isola-del-cinema-roma-2022\/#primaryimage"},"thumbnailUrl":"https:\/\/vagaluna.it\/wp-content\/uploads\/2023\/06\/isola-del-cinema-roma-2022-agenda-brasil-01.jpg","datePublished":"2022-06-27T15:45:43+00:00","dateModified":"2024-02-27T11:51:39+00:00","breadcrumb":{"@id":"https:\/\/vagaluna.it\/pt-br\/agenda-brasil-pt-br\/agenda-brasil-roma-pt-br\/isola-del-cinema-roma-2022\/#breadcrumb"},"inLanguage":"pt-BR","potentialAction":[{"@type":"ReadAction","target":["https:\/\/vagaluna.it\/pt-br\/agenda-brasil-pt-br\/agenda-brasil-roma-pt-br\/isola-del-cinema-roma-2022\/"]}]},{"@type":"ImageObject","inLanguage":"pt-BR","@id":"https:\/\/vagaluna.it\/pt-br\/agenda-brasil-pt-br\/agenda-brasil-roma-pt-br\/isola-del-cinema-roma-2022\/#primaryimage","url":"https:\/\/vagaluna.it\/wp-content\/uploads\/2023\/06\/isola-del-cinema-roma-2022-agenda-brasil-01.jpg","contentUrl":"https:\/\/vagaluna.it\/wp-content\/uploads\/2023\/06\/isola-del-cinema-roma-2022-agenda-brasil-01.jpg","width":800,"height":500},{"@type":"BreadcrumbList","@id":"https:\/\/vagaluna.it\/pt-br\/agenda-brasil-pt-br\/agenda-brasil-roma-pt-br\/isola-del-cinema-roma-2022\/#breadcrumb","itemListElement":[{"@type":"ListItem","position":1,"name":"Home","item":"https:\/\/vagaluna.it\/pt-br\/home\/"},{"@type":"ListItem","position":2,"name":"Isola del Cinema Roma 2022"}]},{"@type":"WebSite","@id":"https:\/\/vagaluna.it\/pt-br\/#website","url":"https:\/\/vagaluna.it\/pt-br\/","name":"Vagaluna","description":"Vagaluna","publisher":{"@id":"https:\/\/vagaluna.it\/pt-br\/#organization"},"potentialAction":[{"@type":"SearchAction","target":{"@type":"EntryPoint","urlTemplate":"https:\/\/vagaluna.it\/pt-br\/?s={search_term_string}"},"query-input":{"@type":"PropertyValueSpecification","valueRequired":true,"valueName":"search_term_string"}}],"inLanguage":"pt-BR"},{"@type":"Organization","@id":"https:\/\/vagaluna.it\/pt-br\/#organization","name":"Vagaluna","url":"https:\/\/vagaluna.it\/pt-br\/","logo":{"@type":"ImageObject","inLanguage":"pt-BR","@id":"https:\/\/vagaluna.it\/pt-br\/#\/schema\/logo\/image\/","url":"https:\/\/vagaluna.it\/wp-content\/uploads\/2023\/01\/cropped-vagaluna_logo_trasparente-2-300x81-1.png","contentUrl":"https:\/\/vagaluna.it\/wp-content\/uploads\/2023\/01\/cropped-vagaluna_logo_trasparente-2-300x81-1.png","width":300,"height":81,"caption":"Vagaluna"},"image":{"@id":"https:\/\/vagaluna.it\/pt-br\/#\/schema\/logo\/image\/"}},{"@type":"Person","@id":"https:\/\/vagaluna.it\/pt-br\/#\/schema\/person\/66cd1b8afc7bf49d8d7fbcb7a67f0a47","name":"Admin","sameAs":["https:\/\/vagaluna.it"],"url":"https:\/\/vagaluna.it\/pt-br\/author\/admin\/"}]}},"_links":{"self":[{"href":"https:\/\/vagaluna.it\/pt-br\/wp-json\/wp\/v2\/posts\/3103","targetHints":{"allow":["GET"]}}],"collection":[{"href":"https:\/\/vagaluna.it\/pt-br\/wp-json\/wp\/v2\/posts"}],"about":[{"href":"https:\/\/vagaluna.it\/pt-br\/wp-json\/wp\/v2\/types\/post"}],"author":[{"embeddable":true,"href":"https:\/\/vagaluna.it\/pt-br\/wp-json\/wp\/v2\/users\/1"}],"replies":[{"embeddable":true,"href":"https:\/\/vagaluna.it\/pt-br\/wp-json\/wp\/v2\/comments?post=3103"}],"version-history":[{"count":9,"href":"https:\/\/vagaluna.it\/pt-br\/wp-json\/wp\/v2\/posts\/3103\/revisions"}],"predecessor-version":[{"id":3127,"href":"https:\/\/vagaluna.it\/pt-br\/wp-json\/wp\/v2\/posts\/3103\/revisions\/3127"}],"wp:featuredmedia":[{"embeddable":true,"href":"https:\/\/vagaluna.it\/pt-br\/wp-json\/wp\/v2\/media\/1481"}],"wp:attachment":[{"href":"https:\/\/vagaluna.it\/pt-br\/wp-json\/wp\/v2\/media?parent=3103"}],"wp:term":[{"taxonomy":"category","embeddable":true,"href":"https:\/\/vagaluna.it\/pt-br\/wp-json\/wp\/v2\/categories?post=3103"},{"taxonomy":"post_tag","embeddable":true,"href":"https:\/\/vagaluna.it\/pt-br\/wp-json\/wp\/v2\/tags?post=3103"}],"curies":[{"name":"wp","href":"https:\/\/api.w.org\/{rel}","templated":true}]}}