{"id":4448,"date":"2025-09-18T13:09:33","date_gmt":"2025-09-18T13:09:33","guid":{"rendered":"https:\/\/vagaluna.it\/?p=4448"},"modified":"2026-01-09T16:13:00","modified_gmt":"2026-01-09T16:13:00","slug":"agenda-brasil-milao-xii-edicao","status":"publish","type":"post","link":"https:\/\/vagaluna.it\/pt-br\/agenda-brasil-pt-br\/agenda-brasil-milao\/agenda-brasil-milao-xii-edicao\/","title":{"rendered":"Agenda Brasil Mil\u00e3o &#8211; XII Edi\u00e7\u00e3o"},"content":{"rendered":"<p>[et_pb_section fb_built=&#8221;1&#8243; custom_padding_last_edited=&#8221;on|tablet&#8221; admin_label=&#8221;Packages&#8221; _builder_version=&#8221;4.16&#8243; custom_padding=&#8221;110px||110px|&#8221; custom_padding_tablet=&#8221;0px||0px|&#8221; custom_padding_phone=&#8221;&#8221; global_colors_info=&#8221;{}&#8221;][et_pb_row custom_padding_last_edited=&#8221;on|phone&#8221; admin_label=&#8221;T\u00edtulo dos pacotes&#8221; _builder_version=&#8221;4.16&#8243; custom_padding=&#8221;30px|0px|120px|0px&#8221; custom_padding_tablet=&#8221;60px||0px|&#8221; custom_padding_phone=&#8221;&#8221; locked=&#8221;off&#8221; global_colors_info=&#8221;{}&#8221;][et_pb_column type=&#8221;4_4&#8243; _builder_version=&#8221;4.16&#8243; custom_padding=&#8221;|||&#8221; global_colors_info=&#8221;{}&#8221; custom_padding__hover=&#8221;|||&#8221;][et_pb_text admin_label=&#8221;Testo&#8221; _builder_version=&#8221;4.27.4&#8243; text_font=&#8221;||||&#8221; text_text_color=&#8221;#1a1a1a&#8221; header_font=&#8221;Oswald|on||on|&#8221; header_text_align=&#8221;center&#8221; header_font_size=&#8221;60px&#8221; header_line_height=&#8221;1.3em&#8221; header_2_font=&#8221;|700|||||||&#8221; header_2_text_align=&#8221;center&#8221; header_2_font_size=&#8221;28px&#8221; module_alignment=&#8221;center&#8221; custom_margin=&#8221;|||&#8221; custom_padding=&#8221;|||&#8221; animation_direction=&#8221;top&#8221; locked=&#8221;off&#8221; global_colors_info=&#8221;{}&#8221;]<\/p>\n<h1>Agenda Brasil Mil\u00e3o \u2013 XII Edi\u00e7\u00e3o<\/h1>\n<h2>De 30 de outubro a 6 de novembro de 2025<\/h2>\n<p>[\/et_pb_text][et_pb_divider color=&#8221;#6b0008&#8243; divider_position=&#8221;center&#8221; divider_weight=&#8221;3px&#8221; disabled_on=&#8221;off|off|off&#8221; _builder_version=&#8221;4.27.2&#8243; max_width=&#8221;150px&#8221; module_alignment=&#8221;center&#8221; height=&#8221;false&#8221; custom_margin=&#8221;30px|||&#8221; animation_direction=&#8221;top&#8221; locked=&#8221;off&#8221; global_colors_info=&#8221;{}&#8221;][\/et_pb_divider][\/et_pb_column][\/et_pb_row][et_pb_row column_structure=&#8221;1_2,1_2&#8243; admin_label=&#8221;pacote&#8221; _builder_version=&#8221;4.27.2&#8243; background_size=&#8221;initial&#8221; background_position=&#8221;top_left&#8221; background_repeat=&#8221;repeat&#8221; global_colors_info=&#8221;{}&#8221;][et_pb_column type=&#8221;1_2&#8243; _builder_version=&#8221;4.16&#8243; custom_padding=&#8221;|||&#8221; global_colors_info=&#8221;{}&#8221; custom_padding__hover=&#8221;|||&#8221;][et_pb_image src=&#8221;https:\/\/vagaluna.it\/wp-content\/uploads\/2025\/09\/Vagaluna-Sito-Pagina-Milano.jpeg&#8221; title_text=&#8221;P\u00e1gina do site Vagaluna Mil\u00e3o&#8221; align_tablet=&#8221;center&#8221; align_phone=&#8221;center&#8221; align_last_edited=&#8221;on|desktop&#8221; admin_label=&#8221;Package Image&#8221; _builder_version=&#8221;4.27.4&#8243; animation_direction=&#8221;right&#8221; global_colors_info=&#8221;{}&#8221;][\/et_pb_image][\/et_pb_column][et_pb_column type=&#8221;1_2&#8243; _builder_version=&#8221;4.16&#8243; custom_padding=&#8221;|||&#8221; global_colors_info=&#8221;{}&#8221; custom_padding__hover=&#8221;|||&#8221;][et_pb_text admin_label=&#8221;Description&#8221; _builder_version=&#8221;4.27.5&#8243; text_font=&#8221;Roboto||||&#8221; text_font_size=&#8221;16px&#8221; text_line_height=&#8221;1.8em&#8221; background_size=&#8221;initial&#8221; background_position=&#8221;top_left&#8221; background_repeat=&#8221;repeat&#8221; animation_direction=&#8221;left&#8221; hover_enabled=&#8221;0&#8243; global_colors_info=&#8221;{}&#8221; sticky_enabled=&#8221;0&#8243;]<\/p>\n<div class=\"gmail-xdj266r gmail-x14z9mp gmail-xat24cr gmail-x1lziwak gmail-x1vvkbs gmail-x126k92a\">\n<div dir=\"auto\">Eis os \ud835\ude03e\ud835\uddfb\ud835\uddf0ed\ud835\uddfc\ud835\uddffes do Agenda Brasil 2025! <span class=\"gmail-html-span gmail-xexx8yu gmail-xyri2b gmail-x18d9i69 gmail-x1c1uobl gmail-x1hl2dhg gmail-x16tdsg8 gmail-x1vvkbs gmail-x3nfvp2 gmail-x1j61x8r gmail-x1fcty0u gmail-xdj266r gmail-xat24cr gmail-xm2jcoa gmail-x1mpyi22 gmail-xxymvpz gmail-xlup9mm gmail-x1kky2od\"><br \/><\/span><\/div>\n<div dir=\"auto\">Agradecemos o p\u00fablico, ao j\u00fari e a todos os realizadores que <br \/>tornaram esta edi\u00e7\u00e3o t\u00e3o rica em hist\u00f3rias, olhares e emo\u00e7\u00f5es.<\/div>\n<\/div>\n<div class=\"gmail-x14z9mp gmail-xat24cr gmail-x1lziwak gmail-x1vvkbs gmail-xtlvy1s gmail-x126k92a\">\n<div dir=\"auto\">\ud835\udde0E\ud835\udddfH\ud835\udde2\ud835\udde5 \ud835\uddd7\ud835\udde2\ud835\uddd6\ud835\udde8\ud835\udde0\ud835\uddd8\ud835\udde1\ud835\udde7\u00c1\ud835\udde5\ud835\udddc\ud835\udde2<\/div>\n<div dir=\"auto\">\u2022 Pr\u00eamio do p\u00fablico: Luiz Melodia \u2013 No Cora\u00e7\u00e3o do Brasil, de Alessandra Dorgan<\/div>\n<div dir=\"auto\">\u2022 Pr\u00eamio do j\u00fari: Mambembe, de Fabio Meira<\/div>\n<\/div>\n<div class=\"gmail-x14z9mp gmail-xat24cr gmail-x1lziwak gmail-x1vvkbs gmail-xtlvy1s gmail-x126k92a\">\n<div dir=\"auto\"> \ud835\udde0E\ud835\udddfH\ud835\udde2\ud835\udde5 \ud835\uddd9\ud835\udddc\ud835\udddf\ud835\udde0E<\/div>\n<div dir=\"auto\">\u2022 Pr\u00eamio do p\u00fablico: Aumenta que \u00e9 Rock\u2019n Roll, de Tom\u00e1s Portella<\/div>\n<div dir=\"auto\">\u2022 Pr\u00eamio do j\u00fari: Enquanto o C\u00e9u N\u00e3o Me Espera, de Christiane Garcia<\/div>\n<div dir=\"auto\"> <\/div>\n<div dir=\"auto\"> <\/div>\n<div dir=\"auto\"> <\/div>\n<\/div>\n<p>Brasil: presente! Brasil: presente! Ap\u00f3s anos dif\u00edceis, o Brasil volta a brilhar no cen\u00e1rio internacional com uma produ\u00e7\u00e3o cinematogr\u00e1fica vibrante e amplamente reconhecida. A 12\u00aa edi\u00e7\u00e3o do <em>Agenda Brasil \u2013 Festival Internazionale del Cinema Brasiliano di Milano<\/em> celebra essa energia criativa com 14 obras que oferecem um olhar multifacetado sobre o pa\u00eds, do Norte ao Sul.   Diretores, produtores e outros convidados interagir\u00e3o com o p\u00fablico, enriquecendo as exibi\u00e7\u00f5es com discuss\u00f5es e insights, enquanto eventos especiais e apresenta\u00e7\u00f5es musicais completar\u00e3o a programa\u00e7\u00e3o, tanto dentro quanto fora do teatro.<\/p>\n<p>FILMES EM L\u00cdNGUA ORIGINAL COM LEGENDAS EM ITALIANO<\/p>\n<p><strong>Anteo Palazzo del Cinema, Piazza XXV Aprile, 8 Milano<\/strong><\/p>\n<p>Ingressos individuais: os pre\u00e7os variam de acordo com o dia, hor\u00e1rio e descontos dispon\u00edveis.<br \/>Passe para 8 filmes: \u20ac 44,00, dispon\u00edvel somente na bilheteria.<\/p>\n<p>Os ingressos podem ser adquiridos na bilheteria ou online em <a href=\"http:\/\/www.spaziocinema.info\">www.spaziocinema.info<\/a><\/p>\n<p>[\/et_pb_text][\/et_pb_column][\/et_pb_row][et_pb_row _builder_version=&#8221;4.27.2&#8243; _module_preset=&#8221;default&#8221; global_colors_info=&#8221;{}&#8221;][et_pb_column type=&#8221;4_4&#8243; _builder_version=&#8221;4.27.2&#8243; _module_preset=&#8221;default&#8221; global_colors_info=&#8221;{}&#8221;][et_pb_button button_url=&#8221;https:\/\/vagaluna.it\/pt-br\/newsletter-vagaluna\/&#8221; url_new_window=&#8221;on&#8221; button_text=&#8221;Assine a newsletter para se manter atualizado&#8221; button_alignment=&#8221;center&#8221; admin_label=&#8221;Gallery Button&#8221; _builder_version=&#8221;4.27.4&#8243; custom_button=&#8221;on&#8221; button_text_color=&#8221;#1a1a1a&#8221; button_border_radius=&#8221;0px&#8221; button_letter_spacing=&#8221;4px&#8221; button_font=&#8221;Oswald|on||on|&#8221; button_icon=&#8221;&#x24;||divi||400&#8243; button_icon_color=&#8221;#1a1a1a&#8221; button_border_color_hover=&#8221;#1a1a1a&#8221; button_border_radius_hover=&#8221;0px&#8221; button_letter_spacing_hover=&#8221;4px&#8221; button_bg_color_hover=&#8221;rgba(0,0,0,0)&#8221; global_colors_info=&#8221;{}&#8221; button_text_size__hover_enabled=&#8221;off&#8221; button_one_text_size__hover_enabled=&#8221;off&#8221; button_two_text_size__hover_enabled=&#8221;off&#8221; button_text_color__hover_enabled=&#8221;off&#8221; button_one_text_color__hover_enabled=&#8221;off&#8221; button_two_text_color__hover_enabled=&#8221;off&#8221; button_border_width__hover_enabled=&#8221;off&#8221; button_one_border_width__hover_enabled=&#8221;off&#8221; button_two_border_width__hover_enabled=&#8221;off&#8221; button_border_color__hover_enabled=&#8221;on&#8221; button_border_color__hover=&#8221;#1a1a1a&#8221; button_one_border_color__hover_enabled=&#8221;off&#8221; button_two_border_color__hover_enabled=&#8221;off&#8221; button_border_radius__hover_enabled=&#8221;on&#8221; button_border_radius__hover=&#8221;0px&#8221; button_one_border_radius__hover_enabled=&#8221;off&#8221; button_two_border_radius__hover_enabled=&#8221;off&#8221; button_letter_spacing__hover_enabled=&#8221;on&#8221; button_letter_spacing__hover=&#8221;4px&#8221; button_one_letter_spacing__hover_enabled=&#8221;off&#8221; button_two_letter_spacing__hover_enabled=&#8221;off&#8221; button_bg_color__hover_enabled=&#8221;on&#8221; button_bg_color__hover=&#8221;rgba(0,0,0,0)&#8221; button_one_bg_color__hover_enabled=&#8221;off&#8221; button_two_bg_color__hover_enabled=&#8221;off&#8221;][\/et_pb_button][\/et_pb_column][\/et_pb_row][\/et_pb_section][et_pb_section fb_built=&#8221;1&#8243; prev_background_color=&#8221;#ffffff&#8221; next_background_color=&#8221;#f4f4f4&#8243; _builder_version=&#8221;4.22.1&#8243; background_color=&#8221;#e8e8e8&#8243; custom_padding=&#8221;110px||110px|&#8221; top_divider_style=&#8221;wave&#8221; bottom_divider_style=&#8221;wave&#8221; global_colors_info=&#8221;{}&#8221;][et_pb_row _builder_version=&#8221;4.16&#8243; global_colors_info=&#8221;{}&#8221;][et_pb_column type=&#8221;4_4&#8243; _builder_version=&#8221;4.16&#8243; custom_padding=&#8221;|||&#8221; global_colors_info=&#8221;{}&#8221; custom_padding__hover=&#8221;|||&#8221;][et_pb_text admin_label=&#8221;Top Destination Title&#8221; module_id=&#8221;film&#8221; _builder_version=&#8221;4.27.4&#8243; text_font=&#8221;||||&#8221; text_text_color=&#8221;#1a1a1a&#8221; header_font=&#8221;Oswald|on||on|&#8221; header_text_align=&#8221;left&#8221; header_font_size=&#8221;60px&#8221; header_line_height=&#8221;1.3em&#8221; custom_margin=&#8221;|||&#8221; custom_padding=&#8221;|||&#8221; animation_direction=&#8221;top&#8221; locked=&#8221;off&#8221; global_colors_info=&#8221;{}&#8221;]<\/p>\n<h1>Filmes no Anteo Palazzo del Cinema<\/h1>\n<p>[\/et_pb_text][\/et_pb_column][\/et_pb_row][et_pb_row column_structure=&#8221;1_3,1_3,1_3&#8243; admin_label=&#8221;pacote&#8221; _builder_version=&#8221;4.24.2&#8243; background_size=&#8221;initial&#8221; background_position=&#8221;top_left&#8221; background_repeat=&#8221;repeat&#8221; width=&#8221;90%&#8221; max_width=&#8221;100%&#8221; global_colors_info=&#8221;{}&#8221;][et_pb_column type=&#8221;1_3&#8243; _builder_version=&#8221;4.16&#8243; custom_padding=&#8221;|||&#8221; global_colors_info=&#8221;{}&#8221; custom_padding__hover=&#8221;|||&#8221;][et_pb_image src=&#8221;https:\/\/vagaluna.it\/wp-content\/uploads\/2025\/09\/VITORIA-3-BASSA.jpg&#8221; title_text=&#8221;VITORIA 3 BASSA&#8221; align_tablet=&#8221;center&#8221; align_phone=&#8221;center&#8221; align_last_edited=&#8221;on|desktop&#8221; admin_label=&#8221;Package Image&#8221; _builder_version=&#8221;4.27.4&#8243; animation_direction=&#8221;right&#8221; border_width_all=&#8221;4px&#8221; border_color_all=&#8221;#923426&#8243; global_colors_info=&#8221;{}&#8221;][\/et_pb_image][et_pb_text admin_label=&#8221;Description&#8221; _builder_version=&#8221;4.27.4&#8243; text_font=&#8221;Roboto||||&#8221; text_font_size=&#8221;16px&#8221; text_line_height=&#8221;1.8em&#8221; background_size=&#8221;initial&#8221; background_position=&#8221;top_left&#8221; background_repeat=&#8221;repeat&#8221; animation_direction=&#8221;left&#8221; global_colors_info=&#8221;{}&#8221;]<\/p>\n<p><span style=\"color: #923426;\"><strong>FILME<\/strong><\/span>, quinta-feira, 30 de outubro, 20h30.<\/p>\n<p>VIT\u00d3RIA (Andrucha Waddington e Breno Silveira (p\u00f3stumo), Brasil, 2025, drama, 105&#8242;).<\/p>\n<p>Inspirado em uma hist\u00f3ria real, Vit\u00f3ria conta a incr\u00edvel trajet\u00f3ria de Dona Vit\u00f3ria, uma idosa que decide desafiar a viol\u00eancia em seu bairro com uma arma inesperada: sua c\u00e2mera de v\u00eddeo. Tomada ap\u00f3s tomada, sua determina\u00e7\u00e3o a levar\u00e1 muito mais longe do que ela jamais imaginou. Com Fernanda Montenegro, Linn da Quebrada, Sacha Bali, Alan Rocha, Laila Garin, S\u00edlvio Guindane. Pr\u00eamio do P\u00fablico no 4\u00ba Festival de Cinema Brasileiro em Lima. <span>Nel foyer della sala verr\u00e0 offerto un brindisi a tutti gli spettatori muniti di biglietto. <\/span>Filmes fora de competi\u00e7\u00e3o.<\/p>\n<p>FILME NO IDIOMA ORIGINAL COM LEGENDAS EM ITALIANO<br \/>Ingresso na bilheteria ou <a href=\"https:\/\/anteo.spaziocinema.18tickets.it\/film\/31261\"><strong>ONLINE<\/strong><\/a><\/p>\n<p><strong><span style=\"color: #923426;\">ONDE<\/span><\/strong>: Anteo Palazzo del Cinema, Piazza XXV Aprile, 8 Mil\u00e3o<\/p>\n<p>[\/et_pb_text][\/et_pb_column][et_pb_column type=&#8221;1_3&#8243; _builder_version=&#8221;4.16&#8243; custom_padding=&#8221;|||&#8221; global_colors_info=&#8221;{}&#8221; custom_padding__hover=&#8221;|||&#8221;][et_pb_image src=&#8221;https:\/\/vagaluna.it\/wp-content\/uploads\/2025\/09\/Saudades-do-RioDoce_01.jpg&#8221; title_text=&#8221;Saudades do RioDoce_01&#8243; align_tablet=&#8221;center&#8221; align_phone=&#8221;center&#8221; align_last_edited=&#8221;on|desktop&#8221; admin_label=&#8221;Package Image&#8221; _builder_version=&#8221;4.27.4&#8243; animation_direction=&#8221;right&#8221; border_width_all=&#8221;4px&#8221; border_color_all=&#8221;#923426&#8243; global_colors_info=&#8221;{}&#8221;][\/et_pb_image][et_pb_text admin_label=&#8221;Description&#8221; _builder_version=&#8221;4.27.4&#8243; text_font=&#8221;Roboto||||&#8221; text_font_size=&#8221;16px&#8221; text_line_height=&#8221;1.8em&#8221; background_size=&#8221;initial&#8221; background_position=&#8221;top_left&#8221; background_repeat=&#8221;repeat&#8221; animation_direction=&#8221;left&#8221; global_colors_info=&#8221;{}&#8221;]<\/p>\n<p><span style=\"color: #923426;\"><strong>FILME<\/strong><\/span>, sexta-feira, 31 de outubro, 19h30<\/p>\n<p>SAUDADES DO RIO DOCE (Claudia Neubern, Fran\u00e7a, 2024, document\u00e1rio, 72&#8242;).<\/p>\n<p>Em 2015, o rompimento de uma barragem de rejeitos de minera\u00e7\u00e3o perto de Mariana, Minas Gerais, desencadeou a maior cat\u00e1strofe socioambiental da hist\u00f3ria brasileira. Uma onda de lama t\u00f3xica derramou 650 quil\u00f4metros no Rio Doce, devastando tudo em seu caminho antes de chegar ao Oceano Atl\u00e2ntico. O document\u00e1rio reconstitui a trajet\u00f3ria da trag\u00e9dia. Ao longo do rio, conhecemos as pessoas cujas vidas, terras e comunidades foram destru\u00eddas. Enquanto lutam para fazer suas vozes serem ouvidas, elas revelam as cicatrizes de um desastre que mudou para sempre seus destinos e o de seu pa\u00eds.     Document\u00e1rio em competi\u00e7\u00e3o.<\/p>\n<p>Em seguida, encontro com o diretor.<\/p>\n<p>FILME EM L\u00cdNGUA ORIGINAL COM LEGENDAS EM ITALIANO<br \/>Ingressos na bilheteria ou <strong><a href=\"https:\/\/anteo.spaziocinema.18tickets.it\/film\/31268\">ONLINE<\/a><\/strong><\/p>\n<p><strong><span style=\"color: #923426;\">ONDE<\/span><\/strong>: Anteo Palazzo del Cinema, Piazza XXV Aprile, 8 Mil\u00e3o<\/p>\n<p>[\/et_pb_text][\/et_pb_column][et_pb_column type=&#8221;1_3&#8243; _builder_version=&#8221;4.16&#8243; custom_padding=&#8221;|||&#8221; global_colors_info=&#8221;{}&#8221; custom_padding__hover=&#8221;|||&#8221;][et_pb_image src=&#8221;https:\/\/vagaluna.it\/wp-content\/uploads\/2025\/09\/enquanto-o-ceu-nao-me-espera_1.png&#8221; title_text=&#8221;enquanto o ceu nao me espera_1&#8243; align_tablet=&#8221;center&#8221; align_phone=&#8221;center&#8221; align_last_edited=&#8221;on|desktop&#8221; admin_label=&#8221;Package Image&#8221; _builder_version=&#8221;4.27.4&#8243; animation_direction=&#8221;right&#8221; border_width_all=&#8221;4px&#8221; border_color_all=&#8221;#923426&#8243; global_colors_info=&#8221;{}&#8221;][\/et_pb_image][et_pb_text admin_label=&#8221;Description&#8221; _builder_version=&#8221;4.27.4&#8243; text_font=&#8221;Roboto||||&#8221; text_font_size=&#8221;16px&#8221; text_line_height=&#8221;1.8em&#8221; background_size=&#8221;initial&#8221; background_position=&#8221;top_left&#8221; background_repeat=&#8221;repeat&#8221; animation_direction=&#8221;left&#8221; global_colors_info=&#8221;{}&#8221;]<\/p>\n<p><span style=\"color: #923426;\"><strong>FILME<\/strong><\/span>, sexta-feira, 31 de outubro, 21h30<\/p>\n<p>ENQUANTO O C\u00c9U N\u00c3O ME ESPERA (Christiane Garcia, Brasil, 2024, drama, 80&#8242;).<\/p>\n<p>Um humilde agricultor, ligado \u00e0 mem\u00f3ria do pai, luta para sustentar a fam\u00edlia e seu pequeno peda\u00e7o de terra na Amaz\u00f4nia, apesar das inunda\u00e7\u00f5es cada vez mais devastadoras causadas pelas mudan\u00e7as clim\u00e1ticas. Quando uma enchente sem precedentes amea\u00e7a submergir tudo, ele precisa enfrentar a escolha mais dif\u00edcil: ficar e resistir, ou abandonar seu lar para sempre. Estrelando Irandhir Santos, Priscilla Vilela, Maycon Douglas, Agatha Dinelli, Jully Fabielly e Eduardo Cau\u00e3n. Melhor Filme, Ator e Atriz no FEST em Lisboa, Melhor Filme no Festival de Cinema de Santos e na Mostra Norte Delas.    Filme em competi\u00e7\u00e3o.<\/p>\n<p>FILME EM L\u00cdNGUA ORIGINAL COM LEGENDAS EM ITALIANO<br \/>Ingressos na bilheteria ou <strong><a href=\"https:\/\/anteo.spaziocinema.18tickets.it\/film\/31262\">ONLINE<\/a><\/strong><\/p>\n<p><strong><span style=\"color: #923426;\">ONDE<\/span><\/strong>: Anteo Palazzo del Cinema, Piazza XXV Aprile, 8 Mil\u00e3o<\/p>\n<p>[\/et_pb_text][\/et_pb_column][\/et_pb_row][et_pb_row column_structure=&#8221;1_3,1_3,1_3&#8243; admin_label=&#8221;pacote&#8221; _builder_version=&#8221;4.24.2&#8243; background_size=&#8221;initial&#8221; background_position=&#8221;top_left&#8221; background_repeat=&#8221;repeat&#8221; width=&#8221;90%&#8221; max_width=&#8221;100%&#8221; global_colors_info=&#8221;{}&#8221;][et_pb_column type=&#8221;1_3&#8243; _builder_version=&#8221;4.16&#8243; custom_padding=&#8221;|||&#8221; global_colors_info=&#8221;{}&#8221; custom_padding__hover=&#8221;|||&#8221;][et_pb_image src=&#8221;https:\/\/vagaluna.it\/wp-content\/uploads\/2025\/09\/mambembe_01.jpg&#8221; title_text=&#8221;mambembe_01&#8243; align_tablet=&#8221;center&#8221; align_phone=&#8221;center&#8221; align_last_edited=&#8221;on|desktop&#8221; admin_label=&#8221;Package Image&#8221; _builder_version=&#8221;4.27.4&#8243; animation_direction=&#8221;right&#8221; border_width_all=&#8221;4px&#8221; border_color_all=&#8221;#923426&#8243; global_colors_info=&#8221;{}&#8221;][\/et_pb_image][et_pb_text admin_label=&#8221;Description&#8221; _builder_version=&#8221;4.27.4&#8243; text_font=&#8221;Roboto||||&#8221; text_font_size=&#8221;16px&#8221; text_line_height=&#8221;1.8em&#8221; background_size=&#8221;initial&#8221; background_position=&#8221;top_left&#8221; background_repeat=&#8221;repeat&#8221; animation_direction=&#8221;left&#8221; global_colors_info=&#8221;{}&#8221;]<\/p>\n<p><span style=\"color: #923426;\"><strong>FILME<\/strong><\/span>, s\u00e1bado, 1\u00ba de novembro, 10h.<\/p>\n<p>MAMBEMBE (Fabio Meira, Brasil, 2024, document\u00e1rio, 97&#8242;).<\/p>\n<p>Mambembe acompanha a jornada de Ruy, um agrimensor solit\u00e1rio que atravessa as terras agrestes de Pernambuco. Sua vida toma um rumo inesperado quando conhece Madrinha, J\u00e9ssica e Diadorim, tr\u00eas mulheres de um pequeno circo itinerante. Desse encontro, desenrola-se um emaranhado de destinos, onde o acaso se torna protagonista e a arte se reflete no cotidiano, transformando o caminho de cada um. Com \u00cdndia Morena, Madona Show, Murilo Grossi e Dandara Guerra. Premiado em diversas categorias no Festival Internacional de Cinema Panorama, no FICA \u2013 Festival Internacional de Cinema e V\u00eddeo Ambiental, no Festival de Cinema de Vit\u00f3ria e no Festival de Cinema de Guarnic\u00ea.     Document\u00e1rio em competi\u00e7\u00e3o.<\/p>\n<p>FILME EM L\u00cdNGUA ORIGINAL COM LEGENDAS EM ITALIANO<br \/>Ingressos na bilheteria ou <strong><a href=\"https:\/\/anteo.spaziocinema.18tickets.it\/film\/31263\">ONLINE<\/a><\/strong><\/p>\n<p><strong><span style=\"color: #923426;\">ONDE<\/span><\/strong>: Anteo Palazzo del Cinema, Piazza XXV Aprile, 8 Mil\u00e3o<\/p>\n<p>[\/et_pb_text][\/et_pb_column][et_pb_column type=&#8221;1_3&#8243; _builder_version=&#8221;4.16&#8243; custom_padding=&#8221;|||&#8221; global_colors_info=&#8221;{}&#8221; custom_padding__hover=&#8221;|||&#8221;][et_pb_image src=&#8221;https:\/\/vagaluna.it\/wp-content\/uploads\/2025\/09\/A-Vila-das-Nove-2-BASSA.jpg&#8221; title_text=&#8221;A Vil\u00e3 das Nove 2 BASSA&#8221; align_tablet=&#8221;center&#8221; align_phone=&#8221;center&#8221; align_last_edited=&#8221;on|desktop&#8221; admin_label=&#8221;Package Image&#8221; _builder_version=&#8221;4.27.4&#8243; animation_direction=&#8221;right&#8221; border_width_all=&#8221;4px&#8221; border_color_all=&#8221;#923426&#8243; global_colors_info=&#8221;{}&#8221;][\/et_pb_image][et_pb_text admin_label=&#8221;Description&#8221; _builder_version=&#8221;4.27.4&#8243; text_font=&#8221;Roboto||||&#8221; text_font_size=&#8221;16px&#8221; text_line_height=&#8221;1.8em&#8221; background_size=&#8221;initial&#8221; background_position=&#8221;top_left&#8221; background_repeat=&#8221;repeat&#8221; animation_direction=&#8221;left&#8221; global_colors_info=&#8221;{}&#8221;]<\/p>\n<p><span style=\"color: #923426;\"><strong>FILME<\/strong><\/span>, s\u00e1bado, 1\u00ba de novembro, 12h00.<\/p>\n<p>A VIL\u00c3 DAS NOVE (Teodoro Poppovic, Brasil, 2024, drama\/com\u00e9dia, 104\u2019).<\/p>\n<p>Roberta acha que superou o passado e est\u00e1 finalmente vivendo o melhor momento da sua vida, at\u00e9 descobrir que seu passado secreto se tornou o cora\u00e7\u00e3o de uma novela de sucesso, e ela, na tela, \u00e9 a perversa &#8220;Eug\u00eania&#8221;. \u00c0 medida que o pa\u00eds inteiro se encanta com o melodrama e sua vida real se entrela\u00e7a com a fic\u00e7\u00e3o, Roberta precisa confrontar os fantasmas do que tentou esquecer e seus arrependimentos, em um jogo de reviravoltas, segredos e revela\u00e7\u00f5es inesperadas. Estrelando Karine Teles, Alice Wegmann, Camila M\u00e1rdila, Ant\u00f4nio Pitanga, Laura Pessoa e Negro L\u00e9o.   Filme em competi\u00e7\u00e3o.<\/p>\n<p>FILME EM L\u00cdNGUA ORIGINAL COM LEGENDAS EM ITALIANO<br \/>Ingressos na bilheteria ou <strong><a href=\"https:\/\/anteo.spaziocinema.18tickets.it\/film\/31270\">ONLINE<\/a><\/strong><\/p>\n<p><strong><span style=\"color: #923426;\">ONDE<\/span><\/strong>: Anteo Palazzo del Cinema, Piazza XXV Aprile, 8 Mil\u00e3o<\/p>\n<p>[\/et_pb_text][\/et_pb_column][et_pb_column type=&#8221;1_3&#8243; _builder_version=&#8221;4.16&#8243; custom_padding=&#8221;|||&#8221; global_colors_info=&#8221;{}&#8221; custom_padding__hover=&#8221;|||&#8221;][et_pb_image src=&#8221;https:\/\/vagaluna.it\/wp-content\/uploads\/2025\/09\/Ninguem-sai-vivo-daqui_03.jpg&#8221; title_text=&#8221;Ningu\u00e9m sai vivo daqui_03&#8243; align_tablet=&#8221;center&#8221; align_phone=&#8221;center&#8221; align_last_edited=&#8221;on|desktop&#8221; admin_label=&#8221;Package Image&#8221; _builder_version=&#8221;4.27.4&#8243; animation_direction=&#8221;right&#8221; border_width_all=&#8221;4px&#8221; border_color_all=&#8221;#923426&#8243; global_colors_info=&#8221;{}&#8221;][\/et_pb_image][et_pb_text admin_label=&#8221;Description&#8221; _builder_version=&#8221;4.27.4&#8243; text_font=&#8221;Roboto||||&#8221; text_font_size=&#8221;16px&#8221; text_line_height=&#8221;1.8em&#8221; background_size=&#8221;initial&#8221; background_position=&#8221;top_left&#8221; background_repeat=&#8221;repeat&#8221; animation_direction=&#8221;left&#8221; global_colors_info=&#8221;{}&#8221;]<\/p>\n<p><span style=\"color: #923426;\"><strong>FILME<\/strong><\/span>, domingo, 2 de novembro, 10h00.<\/p>\n<p>NINGU\u00c9M SAI VIVO DAQUI (Andr\u00e9 Ristum, Brasil, 2023, drama, 86\u2019).<\/p>\n<p>No in\u00edcio da d\u00e9cada de 1970, a jovem Elisa foi internada \u00e0 for\u00e7a pelo pai no Hospital Col\u00f4nia, institui\u00e7\u00e3o psiqui\u00e1trica de Barbacena, como puni\u00e7\u00e3o por engravidar do namorado. Em meio a abusos e injusti\u00e7as cotidianas, Elisa e outros pacientes lutam para encontrar uma sa\u00edda daquele inferno, em uma hist\u00f3ria poderosa e comovente de resist\u00eancia e busca por liberdade. O longa-metragem \u00e9 uma adapta\u00e7\u00e3o do livro Holocausto do Brasil, de Daniela Arbex. Estrelando Fernanda Marques, Augusto Madeira, Rejane Faria, Andreia Horta, Naruna Costa, Arlindo Lopes, Bukassa Kabengele e Aury Porto. Filme fora de competi\u00e7\u00e3o.    <\/p>\n<p>FILME EM L\u00cdNGUA ORIGINAL COM LEGENDAS EM ITALIANO<br \/>Ingressos na bilheteria ou <strong><a href=\"https:\/\/anteo.spaziocinema.18tickets.it\/film\/31272\">ONLINE<\/a><\/strong><\/p>\n<p><strong><span style=\"color: #923426;\">ONDE<\/span><\/strong>: Anteo Palazzo del Cinema, Piazza XXV Aprile, 8 Mil\u00e3o<\/p>\n<p>[\/et_pb_text][\/et_pb_column][\/et_pb_row][et_pb_row column_structure=&#8221;1_3,1_3,1_3&#8243; admin_label=&#8221;pacote&#8221; _builder_version=&#8221;4.24.2&#8243; background_size=&#8221;initial&#8221; background_position=&#8221;top_left&#8221; background_repeat=&#8221;repeat&#8221; width=&#8221;90%&#8221; max_width=&#8221;100%&#8221; global_colors_info=&#8221;{}&#8221;][et_pb_column type=&#8221;1_3&#8243; _builder_version=&#8221;4.16&#8243; custom_padding=&#8221;|||&#8221; global_colors_info=&#8221;{}&#8221; custom_padding__hover=&#8221;|||&#8221;][et_pb_image src=&#8221;https:\/\/vagaluna.it\/wp-content\/uploads\/2025\/09\/Razoes-Africanas-10-BASSA.jpeg&#8221; title_text=&#8221;Raz\u00f5es Africanas 10 BASSA&#8221; align_tablet=&#8221;center&#8221; align_phone=&#8221;center&#8221; align_last_edited=&#8221;on|desktop&#8221; admin_label=&#8221;Package Image&#8221; _builder_version=&#8221;4.27.4&#8243; animation_direction=&#8221;right&#8221; border_width_all=&#8221;4px&#8221; border_color_all=&#8221;#923426&#8243; global_colors_info=&#8221;{}&#8221;][\/et_pb_image][et_pb_text admin_label=&#8221;Description&#8221; _builder_version=&#8221;4.27.4&#8243; text_font=&#8221;Roboto||||&#8221; text_font_size=&#8221;16px&#8221; text_line_height=&#8221;1.8em&#8221; background_size=&#8221;initial&#8221; background_position=&#8221;top_left&#8221; background_repeat=&#8221;repeat&#8221; animation_direction=&#8221;left&#8221; global_colors_info=&#8221;{}&#8221;]<\/p>\n<p><span style=\"color: #923426;\">FILME<\/span>, domingo, 2 de novembro, 11h45.<\/p>\n<p>RAZ\u00d5ES AFRICANAS (Jefferson Mello, Brasil, 2023, document\u00e1rio, 90&#8242;).<\/p>\n<p>Uma jornada musical e humana que come\u00e7a em Angola e segue as rotas da di\u00e1spora africana at\u00e9 o Brasil, os Estados Unidos e Cuba. Atrav\u00e9s do blues, da rumba e do jongo, o document\u00e1rio explora a imensa heran\u00e7a cultural africana que deu origem a esses tr\u00eas ritmos universais. O premiado diretor Jefferson Mello explora seis pa\u00edses, guiado pelas hist\u00f3rias \u00edntimas de tr\u00eas protagonistas e pelas vozes de m\u00fasicos e especialistas, criando um retrato delicado e poderoso do valor da tradi\u00e7\u00e3o, da mem\u00f3ria da escravid\u00e3o e do di\u00e1logo entre culturas. Um filme que celebra a m\u00fasica como legado e ponte entre os povos. Estrelando Lazir Sinval, Eva Despaigne e Terry &#8220;Harmonica&#8221; Bean. Pr\u00eamio de Melhor Document\u00e1rio Especial do J\u00fari no Festival de Cinema de Bayou, nos Estados Unidos, e Pr\u00eamio de Melhor Document\u00e1rio no Festival Internacional de Cinema Africano, na Argentina.      Document\u00e1rio em competi\u00e7\u00e3o.<\/p>\n<p><strong>Em seguida, encontro com o diretor.<\/strong><\/p>\n<p>FILME EM L\u00cdNGUA ORIGINAL COM LEGENDAS EM ITALIANO<br \/>Ingressos na bilheteria ou <strong><a href=\"https:\/\/anteo.spaziocinema.18tickets.it\/film\/31276\">ONLINE<\/a><\/strong><\/p>\n<p><strong><span style=\"color: #923426;\">ONDE<\/span><\/strong>: Anteo Palazzo del Cinema, Piazza XXV Aprile, 8 Mil\u00e3o<\/p>\n<p>[\/et_pb_text][\/et_pb_column][et_pb_column type=&#8221;1_3&#8243; _builder_version=&#8221;4.16&#8243; custom_padding=&#8221;|||&#8221; global_colors_info=&#8221;{}&#8221; custom_padding__hover=&#8221;|||&#8221;][et_pb_image src=&#8221;https:\/\/vagaluna.it\/wp-content\/uploads\/2025\/09\/agreste_4_bassa-e1759240258352.png&#8221; title_text=&#8221;agreste_4_bassa&#8221; align_tablet=&#8221;center&#8221; align_phone=&#8221;center&#8221; align_last_edited=&#8221;on|desktop&#8221; admin_label=&#8221;Package Image&#8221; _builder_version=&#8221;4.27.4&#8243; animation_direction=&#8221;right&#8221; border_width_all=&#8221;4px&#8221; border_color_all=&#8221;#923426&#8243; global_colors_info=&#8221;{}&#8221;][\/et_pb_image][et_pb_text admin_label=&#8221;Description&#8221; _builder_version=&#8221;4.27.4&#8243; text_font=&#8221;Roboto||||&#8221; text_font_size=&#8221;16px&#8221; text_line_height=&#8221;1.8em&#8221; background_size=&#8221;initial&#8221; background_position=&#8221;top_left&#8221; background_repeat=&#8221;repeat&#8221; animation_direction=&#8221;left&#8221; global_colors_info=&#8221;{}&#8221;]<\/p>\n<p><span style=\"color: #923426;\"><strong>FILME<\/strong><\/span>, segunda-feira, 3 de novembro, 19h20<\/p>\n<p>AGRESTE (S\u00e9rgio Roizenblit, Brasil, 2023, drama, 103\u2019).<\/p>\n<p>Tratto dall\u2019omonima pi\u00e8ce teatrale, a sua volta ispirata a fatti reali e acclamata dalla critica e dal pubblico. Nell\u2019entroterra brasiliano, Etevaldo, un bracciante solitario e riservato, si trasferisce nel villaggio di Vargem Velha. L\u00ec incontra Maria, una giovane donna dallo spirito libero ma promessa in matrimonio a un uomo del posto. I due si innamorano e fuggono insieme. Valda, una donna profondamente religiosa, li ospita e accoglie Maria come una figlia. Ma quando nella regione inizia un\u2019indagine per un presunto rapimento, emergono segreti che costringeranno i protagonisti a confrontarsi con l\u2019oppressione e l\u2019intolleranza. Con Aury Porto, Badu Morais, Luci Pereira, Jaedson Bahia, Roberto Rezende, Mohana Uch\u00f4a, Laura Carvalho. Pluripremiato al Festival Cine Pernambuco, menzione speciale al New York Awards.        Filme em competi\u00e7\u00e3o.<\/p>\n<p>FILME EM L\u00cdNGUA ORIGINAL COM LEGENDAS EM ITALIANO<br \/>Ingressos na bilheteria ou <strong><a href=\"https:\/\/anteo.spaziocinema.18tickets.it\/film\/31277\">ONLINE<\/a><\/strong><\/p>\n<p><strong><span style=\"color: #923426;\">ONDE<\/span><\/strong>: Anteo Palazzo del Cinema, Piazza XXV Aprile, 8 Mil\u00e3o<\/p>\n<p>[\/et_pb_text][\/et_pb_column][et_pb_column type=&#8221;1_3&#8243; _builder_version=&#8221;4.16&#8243; custom_padding=&#8221;|||&#8221; global_colors_info=&#8221;{}&#8221; custom_padding__hover=&#8221;|||&#8221;][et_pb_image src=&#8221;https:\/\/vagaluna.it\/wp-content\/uploads\/2025\/09\/Luiz-Melodia-no-coracao-do-Brasil-2-BASSA.jpg&#8221; title_text=&#8221;Luiz Melodia no cora\u00e7\u00e3o do Brasil 2 BASSA&#8221; align_tablet=&#8221;center&#8221; align_phone=&#8221;center&#8221; align_last_edited=&#8221;on|desktop&#8221; admin_label=&#8221;Package Image&#8221; _builder_version=&#8221;4.27.4&#8243; animation_direction=&#8221;right&#8221; border_width_all=&#8221;4px&#8221; border_color_all=&#8221;#923426&#8243; global_colors_info=&#8221;{}&#8221;][\/et_pb_image][et_pb_text admin_label=&#8221;Description&#8221; _builder_version=&#8221;4.27.4&#8243; text_font=&#8221;Roboto||||&#8221; text_font_size=&#8221;16px&#8221; text_line_height=&#8221;1.8em&#8221; background_size=&#8221;initial&#8221; background_position=&#8221;top_left&#8221; background_repeat=&#8221;repeat&#8221; animation_direction=&#8221;left&#8221; global_colors_info=&#8221;{}&#8221;]<\/p>\n<p><span style=\"color: #923426;\"><strong>FILME<\/strong><\/span>, segunda-feira, 3 de novembro, 21h20<\/p>\n<p>LUIZ MELODIA &#8211; NO CORA\u00c7\u00c3O DO BRASIL (Alessandra Dorgan, Brasil, 2024, document\u00e1rio, 75&#8242;).<\/p>\n<p>&#8220;Luiz Melodia \u2013 Dentro do Cora\u00e7\u00e3o do Brasil&#8221; \u00e9 narrado inteiramente em primeira pessoa e d\u00e1 voz a um dos artistas mais livres e originais da m\u00fasica brasileira. Por meio de material de arquivo raro e in\u00e9dito, Melodia reconstitui sua trajet\u00f3ria: da inf\u00e2ncia na favela de S\u00e3o Carlos aos palcos onde fundiu samba, bossa nova, jovem guarda, blues e jazz. Com ousadia e autenticidade, rompeu com estere\u00f3tipos, tornando-se um \u00edcone atemporal da m\u00fasica brasileira. Estrelando Luiz Melodia, Gal Costa, Maria Beth\u00e2nia, Caetano Veloso e Jards Macal\u00e9. Melhor Filme no Festival In-Edit Brasil.     Document\u00e1rio em competi\u00e7\u00e3o.<\/p>\n<p><strong>Apresentando Monica Paes<\/strong><\/p>\n<p>FILME EM L\u00cdNGUA ORIGINAL COM LEGENDAS EM ITALIANO<br \/>Ingressos na bilheteria ou <strong><a href=\"https:\/\/anteo.spaziocinema.18tickets.it\/film\/31265\">ONLINE<\/a><\/strong><\/p>\n<p><strong><span style=\"color: #923426;\">ONDE<\/span><\/strong>: Anteo Palazzo del Cinema, Piazza XXV Aprile, 8 Mil\u00e3o<\/p>\n<p>[\/et_pb_text][\/et_pb_column][\/et_pb_row][et_pb_row column_structure=&#8221;1_3,1_3,1_3&#8243; admin_label=&#8221;pacote&#8221; _builder_version=&#8221;4.24.2&#8243; background_size=&#8221;initial&#8221; background_position=&#8221;top_left&#8221; background_repeat=&#8221;repeat&#8221; width=&#8221;90%&#8221; max_width=&#8221;100%&#8221; global_colors_info=&#8221;{}&#8221;][et_pb_column type=&#8221;1_3&#8243; _builder_version=&#8221;4.16&#8243; custom_padding=&#8221;|||&#8221; global_colors_info=&#8221;{}&#8221; custom_padding__hover=&#8221;|||&#8221;][et_pb_image src=&#8221;https:\/\/vagaluna.it\/wp-content\/uploads\/2025\/09\/Aumenta-Que-e-Rock_n-Roll-1.jpeg&#8221; title_text=&#8221;Aumenta Que \u00e9 Rock_n Roll 1&#8243; align_tablet=&#8221;center&#8221; align_phone=&#8221;center&#8221; align_last_edited=&#8221;on|desktop&#8221; admin_label=&#8221;Package Image&#8221; _builder_version=&#8221;4.27.4&#8243; animation_direction=&#8221;right&#8221; border_width_all=&#8221;4px&#8221; border_color_all=&#8221;#923426&#8243; global_colors_info=&#8221;{}&#8221;][\/et_pb_image][et_pb_text admin_label=&#8221;Description&#8221; _builder_version=&#8221;4.27.4&#8243; text_font=&#8221;Roboto||||&#8221; text_font_size=&#8221;16px&#8221; text_line_height=&#8221;1.8em&#8221; background_size=&#8221;initial&#8221; background_position=&#8221;top_left&#8221; background_repeat=&#8221;repeat&#8221; animation_direction=&#8221;left&#8221; global_colors_info=&#8221;{}&#8221;]<\/p>\n<p><span style=\"color: #923426;\"><strong>FILME<\/strong><\/span>, ter\u00e7a-feira, 4 de novembro, 19h15<\/p>\n<p>AUMENTA QUE \u00c9 ROCK\u2019N ROLL (Tom\u00e1s Portella, Brasil, 2023, drama\/com\u00e9dia, 112\u2019).<\/p>\n<p>Anos 1980, Rio de Janeiro. Uma r\u00e1dio \u00e0 beira da fal\u00eancia se torna, por acaso e imprud\u00eancia, palco de uma revolu\u00e7\u00e3o sonora. Assim nasceu a R\u00e1dio Fluminense, apelidada de &#8220;A Maldita&#8221;. Em meio a desafios t\u00e9cnicos, interfer\u00eancias pol\u00edticas e uma rebeli\u00e3o sonora, &#8220;Aumenta o Volume, \u00c9 Rock &#8216;n&#8217; Roll&#8221; conta, com humor e ritmo acelerado, a hist\u00f3ria da emissora que transformou as ondas do r\u00e1dio em um fen\u00f4meno cultural destinado a entrar para a hist\u00f3ria. Com Johnny Massaro, George Sauma, Jo\u00e3o Vitor Silva, Marina Provenzzano, Flora Diegues e Or\u00e3 Figueiredo. Conquistou o Pr\u00eamio do P\u00fablico e o Pr\u00eamio dos Estudantes no Festival de Cinema Brasileiro de Paris, e o de Melhor Trilha Sonora (Dado Villa Lobos) no Grande Pr\u00eamio do Cinema Brasileiro.      Filme em competi\u00e7\u00e3o.<\/p>\n<p>FILME EM L\u00cdNGUA ORIGINAL COM LEGENDAS EM ITALIANO<br \/>Ingressos na bilheteria ou <strong><a href=\"https:\/\/anteo.spaziocinema.18tickets.it\/film\/31266\">ONLINE<\/a><\/strong><\/p>\n<p><strong><span style=\"color: #923426;\">ONDE<\/span><\/strong>: Anteo Palazzo del Cinema, Piazza XXV Aprile, 8 Mil\u00e3o<\/p>\n<p>[\/et_pb_text][\/et_pb_column][et_pb_column type=&#8221;1_3&#8243; _builder_version=&#8221;4.16&#8243; custom_padding=&#8221;|||&#8221; global_colors_info=&#8221;{}&#8221; custom_padding__hover=&#8221;|||&#8221;][et_pb_image src=&#8221;https:\/\/vagaluna.it\/wp-content\/uploads\/2025\/09\/O-palhaco-de-cara-limpa-1.jpg&#8221; title_text=&#8221;O palha\u00e7o de cara limpa 1&#8243; align_tablet=&#8221;center&#8221; align_phone=&#8221;center&#8221; align_last_edited=&#8221;on|desktop&#8221; admin_label=&#8221;Package Image&#8221; _builder_version=&#8221;4.27.4&#8243; animation_style=&#8221;fold&#8221; animation_direction=&#8221;right&#8221; animation_intensity_fold=&#8221;20%&#8221; border_width_all=&#8221;4px&#8221; border_color_all=&#8221;#923426&#8243; global_colors_info=&#8221;{}&#8221;][\/et_pb_image][et_pb_text admin_label=&#8221;Description&#8221; _builder_version=&#8221;4.27.4&#8243; text_font=&#8221;Roboto||||&#8221; text_font_size=&#8221;16px&#8221; text_line_height=&#8221;1.8em&#8221; background_size=&#8221;initial&#8221; background_position=&#8221;top_left&#8221; background_repeat=&#8221;repeat&#8221; animation_direction=&#8221;left&#8221; global_colors_info=&#8221;{}&#8221;]<\/p>\n<p><span style=\"color: #923426;\"><strong>FILME<\/strong><\/span>, ter\u00e7a-feira, 4 de novembro, 21h30.<\/p>\n<p>O PALHA\u00c7O DE CARA LIMPA (Camilo Cavalcante, Brasil, 2024, drama, 80&#8242;).<\/p>\n<p>Fl\u00e1vio, um ator em meio a uma crise conjugal, volta a morar com a m\u00e3e no Recife. Sedento por palcos e determinado a n\u00e3o desistir, escolhe as ruas da cidade para apresentar um recital inspirado no livro &#8220;La poetica del devaneo&#8221;. \u00c9 2016, e o pa\u00eds mergulha numa profunda crise pol\u00edtica, mas para ele a arte continua a ser a \u00fanica utopia poss\u00edvel, um espelho de um pa\u00eds ferido, enquanto a vida do protagonista se torna uma met\u00e1fora do pr\u00f3prio Brasil. Com Fl\u00e1vio Renovatto, Maria da Guia de Oliveira da Silva, Alex Lucena, Daniela C\u00e2mara, Samuel Santos, Silvio Pinto e Polianna Fonseca. Melhor Filme, Melhor Atriz e Men\u00e7\u00e3o Honrosa pela Trilha Sonora Original (Amaro Freitas) no Festival de Cinema de Avanca, Portugal.     Filme em competi\u00e7\u00e3o.<\/p>\n<p><strong>Em seguida, encontro com o diretor.<\/strong><\/p>\n<p><strong>Veja EVENTOS CULTURAIS para desconto no show de Amaro Freitas <\/strong><\/p>\n<p>FILME EM L\u00cdNGUA ORIGINAL COM LEGENDAS EM ITALIANO<br \/>Ingressos na bilheteria ou <strong><a href=\"https:\/\/anteo.spaziocinema.18tickets.it\/film\/31267\">ONLINE<\/a><\/strong><a href=\"www.spaziocinema.info\" target=\"_blank\" rel=\"noopener\"><\/a><\/p>\n<p><strong><span style=\"color: #923426;\">ONDE<\/span><\/strong>: Anteo Palazzo del Cinema, Piazza XXV Aprile, 8 Mil\u00e3o<\/p>\n<p>[\/et_pb_text][\/et_pb_column][et_pb_column type=&#8221;1_3&#8243; _builder_version=&#8221;4.16&#8243; custom_padding=&#8221;|||&#8221; global_colors_info=&#8221;{}&#8221; custom_padding__hover=&#8221;|||&#8221;][et_pb_image src=&#8221;https:\/\/vagaluna.it\/wp-content\/uploads\/2025\/09\/Filhos-do-Mangue-1.jpg&#8221; title_text=&#8221;Filhos do Mangue 1&#8243; align_tablet=&#8221;center&#8221; align_phone=&#8221;center&#8221; align_last_edited=&#8221;on|desktop&#8221; admin_label=&#8221;Package Image&#8221; _builder_version=&#8221;4.27.4&#8243; animation_direction=&#8221;right&#8221; border_width_all=&#8221;4px&#8221; border_color_all=&#8221;#923426&#8243; global_colors_info=&#8221;{}&#8221;][\/et_pb_image][et_pb_text admin_label=&#8221;Description&#8221; _builder_version=&#8221;4.27.4&#8243; text_font=&#8221;Roboto||||&#8221; text_font_size=&#8221;16px&#8221; text_line_height=&#8221;1.8em&#8221; background_size=&#8221;initial&#8221; background_position=&#8221;top_left&#8221; background_repeat=&#8221;repeat&#8221; animation_direction=&#8221;left&#8221; global_colors_info=&#8221;{}&#8221;]<\/p>\n<p><span style=\"color: #923426;\"><strong>FILME<\/strong><\/span>, quarta-feira, 5 de novembro, 19h20<\/p>\n<p>FILHOS DO MANGUE (Eliane Caff\u00e9, Brasil, 2024, drama, 107&#8242;).<\/p>\n<p>Um homem violento e perturbado surge ferido e sem mem\u00f3ria em uma comunidade ribeirinha, que o acusa de roubo e tenta, em v\u00e3o, restaurar sua mem\u00f3ria e devolver o dinheiro. Um julgamento popular revela uma conspira\u00e7\u00e3o envolvendo viol\u00eancia dom\u00e9stica e de g\u00eanero, tr\u00e1fico de pessoas e desvio de verbas p\u00fablicas. Condenado ao isolamento, o homem come\u00e7a a buscar um novo sentido para sua vida. Com Felipe Camargo, Luana Cavalcante, Thiago Justino. Melhor Diretor e Melhor Atriz Coadjuvante no Festival de Cinema de Gramado; Melhor Diretor no Festin (Portugal); m\u00faltiplos pr\u00eamios no Festival de Cinema de Tela Cariri.     Filme em competi\u00e7\u00e3o.<\/p>\n<p><strong>Em seguida, encontro com o produtor Fernando Muniz.<\/strong><\/p>\n<p>FILME EM L\u00cdNGUA ORIGINAL COM LEGENDAS EM ITALIANO<br \/>Ingressos na bilheteria ou <strong><a href=\"https:\/\/anteo.spaziocinema.18tickets.it\/film\/31271\">ONLINE<\/a><\/strong><a href=\"www.spaziocinema.info\" target=\"_blank\" rel=\"noopener\"><\/a><\/p>\n<p><strong><span style=\"color: #923426;\">ONDE<\/span><\/strong>: Anteo Palazzo del Cinema, Piazza XXV Aprile, 8 Mil\u00e3o<\/p>\n<p>[\/et_pb_text][\/et_pb_column][\/et_pb_row][et_pb_row column_structure=&#8221;1_3,1_3,1_3&#8243; admin_label=&#8221;pacote&#8221; _builder_version=&#8221;4.24.2&#8243; background_size=&#8221;initial&#8221; background_position=&#8221;top_left&#8221; background_repeat=&#8221;repeat&#8221; width=&#8221;90%&#8221; max_width=&#8221;100%&#8221; global_colors_info=&#8221;{}&#8221;][et_pb_column type=&#8221;1_3&#8243; _builder_version=&#8221;4.16&#8243; custom_padding=&#8221;|||&#8221; global_colors_info=&#8221;{}&#8221; custom_padding__hover=&#8221;|||&#8221;][et_pb_image src=&#8221;https:\/\/vagaluna.it\/wp-content\/uploads\/2025\/09\/a-musica-natureza-de-lea-freire_02.jpg&#8221; title_text=&#8221;a musica natureza de lea freire_02&#8243; align_tablet=&#8221;center&#8221; align_phone=&#8221;center&#8221; align_last_edited=&#8221;on|desktop&#8221; admin_label=&#8221;Package Image&#8221; _builder_version=&#8221;4.27.4&#8243; animation_direction=&#8221;right&#8221; border_width_all=&#8221;4px&#8221; border_color_all=&#8221;#923426&#8243; global_colors_info=&#8221;{}&#8221;][\/et_pb_image][et_pb_text admin_label=&#8221;Description&#8221; _builder_version=&#8221;4.27.4&#8243; text_font=&#8221;Roboto||||&#8221; text_font_size=&#8221;16px&#8221; text_line_height=&#8221;1.8em&#8221; background_size=&#8221;initial&#8221; background_position=&#8221;top_left&#8221; background_repeat=&#8221;repeat&#8221; animation_direction=&#8221;left&#8221; global_colors_info=&#8221;{}&#8221;]<\/p>\n<p><span style=\"color: #923426;\"><strong>FILME<\/strong><\/span>, quarta-feira, 5 de novembro, 21h30.<\/p>\n<p>FILME, quarta-feira, 5 nA M\u00daSICA NATUREZA DE L\u00c9A FREIRE (Lucas Weglinski, Brasil, 2022, document\u00e1rio, 99&#8242;).ov. 21h30<\/p>\n<p>&#8220;A Villa-Lobos mulher&#8221;, &#8220;A Tom Jobim mulher&#8221;, &#8220;O Hermeto de saia&#8221;: esses s\u00e3o alguns dos apelidos que acompanharam L\u00e9a Freire, a primeira mulher no Brasil a se consolidar como uma instrumentista popular de destaque, improvisadora de jazz, arranjadora e compositora sinf\u00f4nica. Em um universo dominado por homens, muitas vezes tacanho e mis\u00f3gino, L\u00e9a inovou, rompendo as barreiras entre a m\u00fasica erudita e a popular e criando uma linguagem sonora \u00fanica: profundamente brasileira e, ao mesmo tempo, universal. Estrelado por L\u00e9a Freire, Ala\u00edde Costa, Arismar do Esp\u00edrito Santo, Silvia G\u00f3es e Amilton Godoy, o filme recebeu doze pr\u00eamios na \u00c1sia, \u00cdndia, Europa, Am\u00e9rica Latina e Estados Unidos.    Document\u00e1rio em competi\u00e7\u00e3o.<\/p>\n<p><strong>Em seguida, um encontro com o diretor e o protagonista.<\/strong><\/p>\n<p>FILME EM L\u00cdNGUA ORIGINAL COM LEGENDAS EM ITALIANO<br \/>Ingressos na bilheteria ou <strong><a href=\"https:\/\/anteo.spaziocinema.18tickets.it\/film\/31273\">ONLINE<\/a><\/strong><a href=\"www.spaziocinema.info\" target=\"_blank\" rel=\"noopener\"><\/a><\/p>\n<p><strong><span style=\"color: #923426;\">ONDE<\/span><\/strong>: Anteo Palazzo del Cinema, Piazza XXV Aprile, 8 Mil\u00e3o<\/p>\n<p>[\/et_pb_text][\/et_pb_column][et_pb_column type=&#8221;1_3&#8243; _builder_version=&#8221;4.16&#8243; custom_padding=&#8221;|||&#8221; global_colors_info=&#8221;{}&#8221; custom_padding__hover=&#8221;|||&#8221;][et_pb_image src=&#8221;https:\/\/vagaluna.it\/wp-content\/uploads\/2025\/09\/kasa-branca_05.jpg&#8221; title_text=&#8221;kasa branca_05&#8243; align_tablet=&#8221;center&#8221; align_phone=&#8221;center&#8221; align_last_edited=&#8221;on|desktop&#8221; admin_label=&#8221;Package Image&#8221; _builder_version=&#8221;4.27.4&#8243; animation_direction=&#8221;right&#8221; border_width_all=&#8221;4px&#8221; border_color_all=&#8221;#923426&#8243; global_colors_info=&#8221;{}&#8221;][\/et_pb_image][et_pb_text admin_label=&#8221;Description&#8221; _builder_version=&#8221;4.27.4&#8243; text_font=&#8221;Roboto||||&#8221; text_font_size=&#8221;16px&#8221; text_line_height=&#8221;1.8em&#8221; background_size=&#8221;initial&#8221; background_position=&#8221;top_left&#8221; background_repeat=&#8221;repeat&#8221; animation_direction=&#8221;left&#8221; global_colors_info=&#8221;{}&#8221;]<\/p>\n<p><span style=\"color: #923426;\"><strong>FILME<\/strong><\/span>, quinta-feira, 6 de novembro, 20h30.<\/p>\n<div><span>PR\u00caMIOS E SAUDA\u00c7\u00d5ES. <\/span><span>A SEGUIR<\/span><\/div>\n<p>KASA BRANCA (Luciano Vidigal, Brasil, 2024, drama, 95\u2019).<\/p>\n<p>D\u00e9 \u00e9 um adolescente negro que cresce na Chatuba, uma favela do Rio de Janeiro. Ao descobrir que sua av\u00f3, Almerinda, est\u00e1 em est\u00e1gio terminal de Alzheimer, decide, junto com seus amigos insepar\u00e1veis \u200b\u200bAndrianin e Martins, acompanh\u00e1-la em seus \u00faltimos dias. Em um contexto dif\u00edcil, marcado pela precariedade e pelos desafios di\u00e1rios, o filme ilustra com delicadeza e for\u00e7a como o afeto e a solidariedade podem se transformar em instrumentos de esperan\u00e7a e dignidade. Estrelando Big Jaum, Diego Francisco, Ramon Francisco e Teca Pereira. Premiado no Festival do Rio, na Janela Internacional de Cinema do Recife, na Mostra de Cinema de Gostoso e no Festival Aruanda do Audiovisual Brasileiro. Filme fora de competi\u00e7\u00e3o.     <\/p>\n<p>FILME EM L\u00cdNGUA ORIGINAL COM LEGENDAS EM ITALIANO<br \/>Ingressos na bilheteria ou <strong><a href=\"https:\/\/anteo.spaziocinema.18tickets.it\/film\/31275\">ONLINE<\/a><\/strong><a href=\"www.spaziocinema.info\" target=\"_blank\" rel=\"noopener\"><\/a><\/p>\n<p><strong><span style=\"color: #923426;\">ONDE<\/span><\/strong>: Anteo Palazzo del Cinema, Piazza XXV Aprile, 8 Mil\u00e3o<\/p>\n<p>[\/et_pb_text][\/et_pb_column][et_pb_column type=&#8221;1_3&#8243; _builder_version=&#8221;4.16&#8243; custom_padding=&#8221;|||&#8221; global_colors_info=&#8221;{}&#8221; custom_padding__hover=&#8221;|||&#8221;][\/et_pb_column][\/et_pb_row][\/et_pb_section][et_pb_section fb_built=&#8221;1&#8243; _builder_version=&#8221;4.22.1&#8243; background_color=&#8221;#f4f4f4&#8243; custom_padding=&#8221;110px||110px|&#8221; global_colors_info=&#8221;{}&#8221;][et_pb_row _builder_version=&#8221;4.16&#8243; global_colors_info=&#8221;{}&#8221;][et_pb_column type=&#8221;4_4&#8243; _builder_version=&#8221;4.16&#8243; custom_padding=&#8221;|||&#8221; global_colors_info=&#8221;{}&#8221; custom_padding__hover=&#8221;|||&#8221;][et_pb_text admin_label=&#8221;Top Destination Title&#8221; module_id=&#8221;appculturali&#8221; _builder_version=&#8221;4.27.4&#8243; text_font=&#8221;||||&#8221; text_text_color=&#8221;#1a1a1a&#8221; header_font=&#8221;Oswald|on||on|&#8221; header_text_align=&#8221;left&#8221; header_font_size=&#8221;60px&#8221; header_line_height=&#8221;1.3em&#8221; custom_margin=&#8221;|||&#8221; custom_padding=&#8221;|||&#8221; animation_direction=&#8221;top&#8221; locked=&#8221;off&#8221; global_colors_info=&#8221;{}&#8221;]<\/p>\n<h1>EVENTOS CULTURAIS<\/h1>\n<p>[\/et_pb_text][\/et_pb_column][\/et_pb_row][\/et_pb_section][et_pb_section fb_built=&#8221;1&#8243; specialty=&#8221;on&#8221; _builder_version=&#8221;4.27.0&#8243; _module_preset=&#8221;default&#8221; global_colors_info=&#8221;{}&#8221;][et_pb_column type=&#8221;1_2&#8243; _builder_version=&#8221;4.16&#8243; custom_padding=&#8221;|||&#8221; global_colors_info=&#8221;{}&#8221; custom_padding__hover=&#8221;|||&#8221;][et_pb_image src=&#8221;https:\/\/vagaluna.it\/wp-content\/uploads\/2025\/09\/ZZ-EVENTO-Cineturismo-evento-1-novembre.png&#8221; title_text=&#8221;ZZ EVENTO Cineturismo evento 1 novembre&#8221; align_tablet=&#8221;center&#8221; align_phone=&#8221;center&#8221; align_last_edited=&#8221;on|desktop&#8221; admin_label=&#8221;Package Image&#8221; _builder_version=&#8221;4.27.4&#8243; animation_direction=&#8221;right&#8221; border_width_all=&#8221;4px&#8221; border_color_all=&#8221;#5f7656&#8243; global_colors_info=&#8221;{}&#8221;][\/et_pb_image][\/et_pb_column][et_pb_column type=&#8221;1_2&#8243; specialty_columns=&#8221;2&#8243; _builder_version=&#8221;4.16&#8243; custom_padding=&#8221;|||&#8221; global_colors_info=&#8221;{}&#8221; custom_padding__hover=&#8221;|||&#8221;][et_pb_row_inner _builder_version=&#8221;4.27.0&#8243; _module_preset=&#8221;default&#8221; global_colors_info=&#8221;{}&#8221;][et_pb_column_inner saved_specialty_column_type=&#8221;1_2&#8243; _builder_version=&#8221;4.27.0&#8243; _module_preset=&#8221;default&#8221; global_colors_info=&#8221;{}&#8221;][et_pb_text admin_label=&#8221;Description&#8221; _builder_version=&#8221;4.27.4&#8243; text_font=&#8221;Roboto||||&#8221; text_font_size=&#8221;16px&#8221; text_line_height=&#8221;1.8em&#8221; background_size=&#8221;initial&#8221; background_position=&#8221;top_left&#8221; background_repeat=&#8221;repeat&#8221; animation_direction=&#8221;left&#8221; global_colors_info=&#8221;{}&#8221;]<\/p>\n<p><span style=\"color: #5f7656;\"><strong>EVENTO<\/strong><\/span>, s\u00e1bado, 1\u00ba de novembro, \u00e0s 15h.<\/p>\n<p>[\/et_pb_text][\/et_pb_column_inner][\/et_pb_row_inner][et_pb_row_inner _builder_version=&#8221;4.27.0&#8243; _module_preset=&#8221;default&#8221; global_colors_info=&#8221;{}&#8221;][et_pb_column_inner saved_specialty_column_type=&#8221;1_2&#8243; _builder_version=&#8221;4.27.0&#8243; _module_preset=&#8221;default&#8221; global_colors_info=&#8221;{}&#8221;][et_pb_text admin_label=&#8221;Description&#8221; _builder_version=&#8221;4.27.4&#8243; text_font=&#8221;Roboto||||&#8221; text_font_size=&#8221;16px&#8221; text_line_height=&#8221;1.8em&#8221; background_size=&#8221;initial&#8221; background_position=&#8221;top_left&#8221; background_repeat=&#8221;repeat&#8221; animation_direction=&#8221;left&#8221; global_colors_info=&#8221;{}&#8221;]<\/p>\n<p>Entrada gratuita com reserva obrigat\u00f3ria no endere\u00e7o <a href=\"mailto:comunicazione@vagaluna.it\" target=\"_blank\" rel=\"noopener\">comunicazione@vagaluna.it<\/a><\/p>\n<p>[\/et_pb_text][et_pb_text admin_label=&#8221;Description&#8221; _builder_version=&#8221;4.27.4&#8243; text_font=&#8221;Roboto||||&#8221; text_font_size=&#8221;16px&#8221; text_line_height=&#8221;1.8em&#8221; background_size=&#8221;initial&#8221; background_position=&#8221;top_left&#8221; background_repeat=&#8221;repeat&#8221; animation_direction=&#8221;left&#8221; global_colors_info=&#8221;{}&#8221;]<\/p>\n<p><strong>P\u00c1GINAS DO GRANDE CINEMA EM MIL\u00c3O, DE OLHO NO BRASIL<\/strong><\/p>\n<p>Uma viagem ao cora\u00e7\u00e3o de Mil\u00e3o atrav\u00e9s de suas hist\u00f3rias cinematogr\u00e1ficas, com foco especial no Brasil. A caminhada guiada, conduzida por Marco Palazzini com a participa\u00e7\u00e3o de Alessia Casteni e Emerson Caneli, ser\u00e1 realizada em italiano e portugu\u00eas. <\/p>\n<p>Evento organizado em colabora\u00e7\u00e3o com a associa\u00e7\u00e3o Amigos da FAI.<\/p>\n<p>[\/et_pb_text][\/et_pb_column_inner][\/et_pb_row_inner][\/et_pb_column][\/et_pb_section][et_pb_section fb_built=&#8221;1&#8243; specialty=&#8221;on&#8221; _builder_version=&#8221;4.27.0&#8243; _module_preset=&#8221;default&#8221; global_colors_info=&#8221;{}&#8221;][et_pb_column type=&#8221;1_2&#8243; _builder_version=&#8221;4.16&#8243; custom_padding=&#8221;|||&#8221; global_colors_info=&#8221;{}&#8221; custom_padding__hover=&#8221;|||&#8221;][et_pb_image src=&#8221;https:\/\/vagaluna.it\/wp-content\/uploads\/2025\/10\/Sambando.png&#8221; title_text=&#8221;Sambando&#8221; align_tablet=&#8221;center&#8221; align_phone=&#8221;center&#8221; align_last_edited=&#8221;on|desktop&#8221; admin_label=&#8221;Package Image&#8221; _builder_version=&#8221;4.27.4&#8243; animation_direction=&#8221;right&#8221; border_width_all=&#8221;4px&#8221; border_color_all=&#8221;#5f7656&#8243; global_colors_info=&#8221;{}&#8221;][\/et_pb_image][\/et_pb_column][et_pb_column type=&#8221;1_2&#8243; specialty_columns=&#8221;2&#8243; _builder_version=&#8221;4.16&#8243; custom_padding=&#8221;|||&#8221; global_colors_info=&#8221;{}&#8221; custom_padding__hover=&#8221;|||&#8221;][et_pb_row_inner _builder_version=&#8221;4.27.0&#8243; _module_preset=&#8221;default&#8221; global_colors_info=&#8221;{}&#8221;][et_pb_column_inner saved_specialty_column_type=&#8221;1_2&#8243; _builder_version=&#8221;4.27.0&#8243; _module_preset=&#8221;default&#8221; global_colors_info=&#8221;{}&#8221;][et_pb_text admin_label=&#8221;Description&#8221; _builder_version=&#8221;4.27.4&#8243; text_font=&#8221;Roboto||||&#8221; text_font_size=&#8221;16px&#8221; text_line_height=&#8221;1.8em&#8221; background_size=&#8221;initial&#8221; background_position=&#8221;top_left&#8221; background_repeat=&#8221;repeat&#8221; animation_direction=&#8221;left&#8221; global_colors_info=&#8221;{}&#8221;]<\/p>\n<p>EVENTO, s\u00e1bado, 1 de novembro de 2025, das 16h00 \u00e0s 18h30<\/p>\n<p>[\/et_pb_text][\/et_pb_column_inner][\/et_pb_row_inner][et_pb_row_inner _builder_version=&#8221;4.27.0&#8243; _module_preset=&#8221;default&#8221; global_colors_info=&#8221;{}&#8221;][et_pb_column_inner saved_specialty_column_type=&#8221;1_2&#8243; _builder_version=&#8221;4.27.0&#8243; _module_preset=&#8221;default&#8221; global_colors_info=&#8221;{}&#8221;][et_pb_text admin_label=&#8221;Description&#8221; _builder_version=&#8221;4.27.4&#8243; text_font=&#8221;Roboto||||&#8221; text_font_size=&#8221;16px&#8221; text_line_height=&#8221;1.8em&#8221; background_size=&#8221;initial&#8221; background_position=&#8221;top_left&#8221; background_repeat=&#8221;repeat&#8221; animation_direction=&#8221;left&#8221; global_colors_info=&#8221;{}&#8221;]<\/p>\n<p>ASD Capoeira Sul da Bahia, Via Filippo Argelati, 35<\/p>\n<p>Custo: \u20ac 25. Lugares limitados. Reservas em <a href=\"mailto:comunicazione@vagaluna.it\">comunicazione@vagaluna.it<\/a>  <\/p>\n<p>[\/et_pb_text][et_pb_text admin_label=&#8221;Description&#8221; _builder_version=&#8221;4.27.4&#8243; text_font=&#8221;Roboto||||&#8221; text_font_size=&#8221;16px&#8221; text_line_height=&#8221;1.8em&#8221; background_size=&#8221;initial&#8221; background_position=&#8221;top_left&#8221; background_repeat=&#8221;repeat&#8221; animation_direction=&#8221;left&#8221; global_colors_info=&#8221;{}&#8221;]<\/p>\n<p><strong>SAMBANDO &#8211; OFICINA DE DAN\u00c7A E PERCUSS\u00c3O<\/strong><\/p>\n<p>Destinado a todos aqueles que amam a dan\u00e7a e t\u00eam interesse em conhecer o ritmo brasileiro mais difundido no mundo, o SAMBA! Samba de roda, samba miudinho, samba de carnaval, uso de canto e instrumentos: ganz\u00e1, pandeiro, surdo, tamborim, agog\u00f4 e caxixi. Liderado por Toni Julio, cantor, musicoterapeuta e dan\u00e7arino e Kal dos Santos, percussionista, ator, cantor, diretor da oficina de ritmo Toc Toc.<\/p>\n<p>[\/et_pb_text][\/et_pb_column_inner][\/et_pb_row_inner][\/et_pb_column][\/et_pb_section][et_pb_section fb_built=&#8221;1&#8243; specialty=&#8221;on&#8221; _builder_version=&#8221;4.27.0&#8243; _module_preset=&#8221;default&#8221; global_colors_info=&#8221;{}&#8221;][et_pb_column type=&#8221;1_2&#8243; _builder_version=&#8221;4.16&#8243; custom_padding=&#8221;|||&#8221; global_colors_info=&#8221;{}&#8221; custom_padding__hover=&#8221;|||&#8221;][et_pb_image src=&#8221;https:\/\/vagaluna.it\/wp-content\/uploads\/2025\/09\/ZZ-EVENTO-Amaro-Freitas.png&#8221; title_text=&#8221;ZZ EVENTO Amaro Freitas&#8221; align_tablet=&#8221;center&#8221; align_phone=&#8221;center&#8221; align_last_edited=&#8221;on|desktop&#8221; admin_label=&#8221;Package Image&#8221; _builder_version=&#8221;4.27.4&#8243; animation_direction=&#8221;right&#8221; border_width_all=&#8221;4px&#8221; border_color_all=&#8221;#5f7656&#8243; global_colors_info=&#8221;{}&#8221;][\/et_pb_image][\/et_pb_column][et_pb_column type=&#8221;1_2&#8243; specialty_columns=&#8221;2&#8243; _builder_version=&#8221;4.16&#8243; custom_padding=&#8221;|||&#8221; global_colors_info=&#8221;{}&#8221; custom_padding__hover=&#8221;|||&#8221;][et_pb_row_inner _builder_version=&#8221;4.27.0&#8243; _module_preset=&#8221;default&#8221; global_colors_info=&#8221;{}&#8221;][et_pb_column_inner saved_specialty_column_type=&#8221;1_2&#8243; _builder_version=&#8221;4.27.0&#8243; _module_preset=&#8221;default&#8221; global_colors_info=&#8221;{}&#8221;][et_pb_text admin_label=&#8221;Description&#8221; _builder_version=&#8221;4.27.4&#8243; text_font=&#8221;Roboto||||&#8221; text_font_size=&#8221;16px&#8221; text_line_height=&#8221;1.8em&#8221; background_size=&#8221;initial&#8221; background_position=&#8221;top_left&#8221; background_repeat=&#8221;repeat&#8221; animation_direction=&#8221;left&#8221; global_colors_info=&#8221;{}&#8221;]<\/p>\n<p>EVENTO, domingo, 2 de novembro de 2025, 17h00<\/p>\n<p>[\/et_pb_text][\/et_pb_column_inner][\/et_pb_row_inner][et_pb_row_inner _builder_version=&#8221;4.27.0&#8243; _module_preset=&#8221;default&#8221; global_colors_info=&#8221;{}&#8221;][et_pb_column_inner saved_specialty_column_type=&#8221;1_2&#8243; _builder_version=&#8221;4.27.0&#8243; _module_preset=&#8221;default&#8221; global_colors_info=&#8221;{}&#8221;][et_pb_text admin_label=&#8221;Description&#8221; _builder_version=&#8221;4.27.4&#8243; text_font=&#8221;Roboto||||&#8221; text_font_size=&#8221;16px&#8221; text_line_height=&#8221;1.8em&#8221; background_size=&#8221;initial&#8221; background_position=&#8221;top_left&#8221; background_repeat=&#8221;repeat&#8221; animation_direction=&#8221;left&#8221; global_colors_info=&#8221;{}&#8221;]<\/p>\n<p>JAZZMI 2025 &#8211; Teatro dell&#8217;Arte &#8211; Sala Grande, Viale Emilio Alemagna 6.<\/p>\n<p>[\/et_pb_text][et_pb_text admin_label=&#8221;Description&#8221; _builder_version=&#8221;4.27.4&#8243; text_font=&#8221;Roboto||||&#8221; text_font_size=&#8221;16px&#8221; text_line_height=&#8221;1.8em&#8221; background_size=&#8221;initial&#8221; background_position=&#8221;top_left&#8221; background_repeat=&#8221;repeat&#8221; animation_direction=&#8221;left&#8221; global_colors_info=&#8221;{}&#8221;]<\/p>\n<p><strong>AMARO FREITAS \u2013 CONCERTO<\/strong><\/p>\n<p>Amaro Freitas \u00e9 a nova voz revolucion\u00e1ria do jazz brasileiro. Nascido em Recife, ele transforma o piano em um caleidosc\u00f3pio sonoro, entrela\u00e7ando os ritmos do frevo e do bai\u00e3o com a improvisa\u00e7\u00e3o livre de Coltrane, Monk e Chick Corea. Ap\u00f3s o aclamado Sankofa, ele retorna com Y&#8217;Y (na Psychic Hotline), uma jornada espiritual pela Amaz\u00f4nia e pela cultura ind\u00edgena Sater\u00e9 Maw\u00e9. Com convidados como Shabaka Hutchings e Brandee Younger, Freitas cria um estilo de jazz radical, decolonial, ecol\u00f3gico e profundamente humano.   <\/p>\n<p>Em colabora\u00e7\u00e3o com Jazzmi:<\/p>\n<ul>\n<li>20% de desconto no TicketOne para portadores de ingressos para a temporada do Festival Agenda Brasil. Solicite o c\u00f3digo de desconto escrevendo para comunicazione@vagaluna.it. <\/li>\n<li>Os ingressos para o filme \u201c<em>O palha\u00e7o de cara limpa<\/em>\u201d est\u00e3o com pre\u00e7os reduzidos para quem tiver o c\u00f3digo de desconto especial para assinantes da newsletter Jazzmi.<\/li>\n<\/ul>\n<p>[\/et_pb_text][\/et_pb_column_inner][\/et_pb_row_inner][\/et_pb_column][\/et_pb_section][et_pb_section fb_built=&#8221;1&#8243; specialty=&#8221;on&#8221; _builder_version=&#8221;4.27.0&#8243; _module_preset=&#8221;default&#8221; global_colors_info=&#8221;{}&#8221;][et_pb_column type=&#8221;1_2&#8243; _builder_version=&#8221;4.16&#8243; custom_padding=&#8221;|||&#8221; global_colors_info=&#8221;{}&#8221; custom_padding__hover=&#8221;|||&#8221;][et_pb_image src=&#8221;https:\/\/vagaluna.it\/wp-content\/uploads\/2025\/09\/ZZ-EVENTO-e-film-OPalhacodeCaraLimpa_regista.jpg&#8221; title_text=&#8221;ZZ EVENTO e film OPalha\u00e7odeCaraLimpa_regista&#8221; align_tablet=&#8221;center&#8221; align_phone=&#8221;center&#8221; align_last_edited=&#8221;on|desktop&#8221; admin_label=&#8221;Package Image&#8221; _builder_version=&#8221;4.27.4&#8243; animation_direction=&#8221;right&#8221; border_width_all=&#8221;4px&#8221; border_color_all=&#8221;#5f7656&#8243; global_colors_info=&#8221;{}&#8221;][\/et_pb_image][\/et_pb_column][et_pb_column type=&#8221;1_2&#8243; specialty_columns=&#8221;2&#8243; _builder_version=&#8221;4.16&#8243; custom_padding=&#8221;|||&#8221; global_colors_info=&#8221;{}&#8221; custom_padding__hover=&#8221;|||&#8221;][et_pb_row_inner _builder_version=&#8221;4.27.0&#8243; _module_preset=&#8221;default&#8221; global_colors_info=&#8221;{}&#8221;][et_pb_column_inner saved_specialty_column_type=&#8221;1_2&#8243; _builder_version=&#8221;4.27.0&#8243; _module_preset=&#8221;default&#8221; global_colors_info=&#8221;{}&#8221;][et_pb_text admin_label=&#8221;Description&#8221; _builder_version=&#8221;4.27.4&#8243; text_font=&#8221;Roboto||||&#8221; text_font_size=&#8221;16px&#8221; text_line_height=&#8221;1.8em&#8221; background_size=&#8221;initial&#8221; background_position=&#8221;top_left&#8221; background_repeat=&#8221;repeat&#8221; animation_direction=&#8221;left&#8221; global_colors_info=&#8221;{}&#8221;]<\/p>\n<p><span style=\"color: #5f7656;\"><strong>EVENTO<\/strong><\/span>, ter\u00e7a-feira, 4 de novembro, 10h30.<\/p>\n<p>[\/et_pb_text][\/et_pb_column_inner][\/et_pb_row_inner][et_pb_row_inner _builder_version=&#8221;4.27.0&#8243; _module_preset=&#8221;default&#8221; global_colors_info=&#8221;{}&#8221;][et_pb_column_inner saved_specialty_column_type=&#8221;1_2&#8243; _builder_version=&#8221;4.27.0&#8243; _module_preset=&#8221;default&#8221; global_colors_info=&#8221;{}&#8221;][et_pb_text admin_label=&#8221;Description&#8221; _builder_version=&#8221;4.27.4&#8243; text_font=&#8221;Roboto||||&#8221; text_font_size=&#8221;16px&#8221; text_line_height=&#8221;1.8em&#8221; background_size=&#8221;initial&#8221; background_position=&#8221;top_left&#8221; background_repeat=&#8221;repeat&#8221; animation_direction=&#8221;left&#8221; global_colors_info=&#8221;{}&#8221;]<\/p>\n<p>Universit\u00e0 Statale di Milano, Aula 402, Via Santa Sofia.<\/p>\n<p>Entrada livre.<\/p>\n<p>[\/et_pb_text][et_pb_text admin_label=&#8221;Description&#8221; _builder_version=&#8221;4.27.4&#8243; text_font=&#8221;Roboto||||&#8221; text_font_size=&#8221;16px&#8221; text_line_height=&#8221;1.8em&#8221; background_size=&#8221;initial&#8221; background_position=&#8221;top_left&#8221; background_repeat=&#8221;repeat&#8221; animation_direction=&#8221;left&#8221; global_colors_info=&#8221;{}&#8221;]<\/p>\n<p><strong>O SERT\u00c3O PO\u00c9TICO NO CINEMA DE CAMILO CAVALCANTE<\/strong><\/p>\n<p>Um encontro com o diretor, produtor e roteirista Camilo Cavalcante. Apresenta\u00e7\u00f5es de Vincenzo Russo e Marianna Scaramucci. <\/p>\n<p>Evento em l\u00edngua portuguesa.<\/p>\n<p>[\/et_pb_text][\/et_pb_column_inner][\/et_pb_row_inner][\/et_pb_column][\/et_pb_section][et_pb_section fb_built=&#8221;1&#8243; module_class=&#8221;dc-carousel&#8221; _builder_version=&#8221;4.27.2&#8243; background_enable_color=&#8221;off&#8221; custom_padding=&#8221;110px||110px|&#8221; global_colors_info=&#8221;{}&#8221;][et_pb_row _builder_version=&#8221;4.16&#8243; global_colors_info=&#8221;{}&#8221;][et_pb_column type=&#8221;4_4&#8243; _builder_version=&#8221;4.16&#8243; custom_padding=&#8221;50px|||&#8221; global_colors_info=&#8221;{}&#8221; custom_padding__hover=&#8221;|||&#8221;][et_pb_button button_url=&#8221;https:\/\/vagaluna.it\/pt-br\/newsletter-vagaluna\/&#8221; url_new_window=&#8221;on&#8221; button_text=&#8221;Assine a newsletter para se manter atualizado&#8221; button_alignment=&#8221;center&#8221; admin_label=&#8221;Gallery Button&#8221; _builder_version=&#8221;4.27.4&#8243; custom_button=&#8221;on&#8221; button_text_color=&#8221;#1a1a1a&#8221; button_border_radius=&#8221;0px&#8221; button_letter_spacing=&#8221;4px&#8221; button_font=&#8221;Oswald|on||on|&#8221; button_icon=&#8221;&#x24;||divi||400&#8243; button_icon_color=&#8221;#1a1a1a&#8221; button_border_color_hover=&#8221;#1a1a1a&#8221; button_border_radius_hover=&#8221;0px&#8221; button_letter_spacing_hover=&#8221;4px&#8221; button_bg_color_hover=&#8221;rgba(0,0,0,0)&#8221; global_colors_info=&#8221;{}&#8221; button_text_size__hover_enabled=&#8221;off&#8221; button_one_text_size__hover_enabled=&#8221;off&#8221; button_two_text_size__hover_enabled=&#8221;off&#8221; button_text_color__hover_enabled=&#8221;off&#8221; button_one_text_color__hover_enabled=&#8221;off&#8221; button_two_text_color__hover_enabled=&#8221;off&#8221; button_border_width__hover_enabled=&#8221;off&#8221; button_one_border_width__hover_enabled=&#8221;off&#8221; button_two_border_width__hover_enabled=&#8221;off&#8221; button_border_color__hover_enabled=&#8221;on&#8221; button_border_color__hover=&#8221;#1a1a1a&#8221; button_one_border_color__hover_enabled=&#8221;off&#8221; button_two_border_color__hover_enabled=&#8221;off&#8221; button_border_radius__hover_enabled=&#8221;on&#8221; button_border_radius__hover=&#8221;0px&#8221; button_one_border_radius__hover_enabled=&#8221;off&#8221; button_two_border_radius__hover_enabled=&#8221;off&#8221; button_letter_spacing__hover_enabled=&#8221;on&#8221; button_letter_spacing__hover=&#8221;4px&#8221; button_one_letter_spacing__hover_enabled=&#8221;off&#8221; button_two_letter_spacing__hover_enabled=&#8221;off&#8221; button_bg_color__hover_enabled=&#8221;on&#8221; button_bg_color__hover=&#8221;rgba(0,0,0,0)&#8221; button_one_bg_color__hover_enabled=&#8221;off&#8221; button_two_bg_color__hover_enabled=&#8221;off&#8221;][\/et_pb_button][et_pb_text admin_label=&#8221;Description&#8221; _builder_version=&#8221;4.27.4&#8243; text_font=&#8221;Roboto||||&#8221; text_font_size=&#8221;16px&#8221; text_line_height=&#8221;1.8em&#8221; background_size=&#8221;initial&#8221; background_position=&#8221;top_left&#8221; background_repeat=&#8221;repeat&#8221; animation_direction=&#8221;left&#8221; global_colors_info=&#8221;{}&#8221;]<\/p>\n<p><b>Agenda Brasil<\/b><\/p>\n<p>\u00c9 um evento organizado pela Associa\u00e7\u00e3o Cultural Vagaluna<\/p>\n<p>Dire\u00e7\u00e3o: Regina Nadaes Marques<\/p>\n<p>Apresenta\u00e7\u00e3o do filme: Marco Palazzini, Alessia Casteni, M\u00f4nica Paes<\/p>\n<p>Sele\u00e7\u00e3o de Filmes: Alessia Casteni, Roberto Della Torre, Cintia Dorneles, Cristiana Giustino, Regina Nadaes Marques, Marco Palazzini<\/p>\n<p>J\u00fari de longas-metragens: Bruno Cabrerizo, Annamaria Gallone, Ale Leone<\/p>\n<p>J\u00fari do Document\u00e1rio: Maria De F\u00e1tima Augusto, Maria Ben\u00edcia De Jesus, Carlo Griseri<\/p>\n<p>Assessoria de Imprensa: Paula Acosta \u2013 Comunica\u00e7\u00e3o Carioca<\/p>\n<p>Gerente de m\u00eddias sociais: Cintia Dorneles<\/p>\n<p>T\u00e9cnico: Fabrizio Fini, Simone Rognoni<\/p>\n<p>Design gr\u00e1fico: Marco Pennisi &amp; c. Srl <\/p>\n<p>Tradu\u00e7\u00f5es e legendas de filmes: Gaia Buonsanti, Alessandra Di Paola, Alessandra Montagna, Viola Suria (Universit\u00e0 di Torino, MAVTO), Gian Luigi De Rosa<\/p>\n<p>Int\u00e9rprete: Beatriz Borges<\/p>\n<p>Teaser: Maxine Studio \u2013 Rinaldo Donati (musica), Fabrizio Fini (montaggio)<\/p>\n<p>Fot\u00f3grafo: Michelangelo Princiotta, Freemediateam srls Milano<\/p>\n<p>Design e cria\u00e7\u00e3o do pr\u00eamio: Rinaldo Donati<\/p>\n<p>Volunt\u00e1rios e estagi\u00e1rios: Alessandra Alessi, Manuela Barroso, Gemma Bertolino, Stefania Blasi, Emerson Caneli, Nicola Caneva, Federica Debosio, Margherita Dente, Isa Arrruda, Alexandra Fradique, Sandra Fran\u00e7a, Camilla Guerrato, Alessandro Lo Bartolo, Anna Scarparo, Tosca Valagussa, Claudia Vicino.<\/p>\n<p>Agradecemos a todos os realizadores e produtores dos filmes, a todos os volunt\u00e1rios e apoiantes da Associa\u00e7\u00e3o Vagaluna.<\/p>\n<p>Facebook\/AgendaBrasil \u2013 Instagram\/Vagalunamilano<\/p>\n<p>[\/et_pb_text][et_pb_image src=&#8221;https:\/\/vagaluna.it\/wp-content\/uploads\/2025\/09\/Loghi-1920&#215;1000-Milano.jpeg&#8221; title_text=&#8221;Loghi 1920&#215;1000 Milano&#8221; _builder_version=&#8221;4.27.4&#8243; _module_preset=&#8221;default&#8221; global_colors_info=&#8221;{}&#8221;][\/et_pb_image][\/et_pb_column][\/et_pb_row][\/et_pb_section][et_pb_section fb_built=&#8221;1&#8243; custom_padding_last_edited=&#8221;on|tablet&#8221; admin_label=&#8221;Packages&#8221; _builder_version=&#8221;4.16&#8243; custom_padding=&#8221;110px||110px|&#8221; custom_padding_tablet=&#8221;0px||0px|&#8221; custom_padding_phone=&#8221;&#8221; global_colors_info=&#8221;{}&#8221;][et_pb_row _builder_version=&#8221;4.27.0&#8243; _module_preset=&#8221;default&#8221; global_colors_info=&#8221;{}&#8221;][et_pb_column type=&#8221;4_4&#8243; _builder_version=&#8221;4.27.0&#8243; _module_preset=&#8221;default&#8221; global_colors_info=&#8221;{}&#8221;][et_pb_text admin_label=&#8221;Description&#8221; _builder_version=&#8221;4.27.2&#8243; text_font=&#8221;Roboto||||&#8221; text_font_size=&#8221;16px&#8221; text_line_height=&#8221;1.8em&#8221; header_3_text_align=&#8221;center&#8221; background_size=&#8221;initial&#8221; background_position=&#8221;top_left&#8221; background_repeat=&#8221;repeat&#8221; animation_direction=&#8221;left&#8221; global_colors_info=&#8221;{}&#8221;]<\/p>\n<h3><strong>EVENTOS RELACIONADOS:<\/strong><\/h3>\n<p>&nbsp;<\/p>\n<p>[\/et_pb_text][\/et_pb_column][\/et_pb_row][et_pb_row column_structure=&#8221;1_2,1_2&#8243; _builder_version=&#8221;4.27.0&#8243; _module_preset=&#8221;default&#8221; global_colors_info=&#8221;{}&#8221;][et_pb_column type=&#8221;1_2&#8243; _builder_version=&#8221;4.27.0&#8243; _module_preset=&#8221;default&#8221; global_colors_info=&#8221;{}&#8221;][et_pb_image src=&#8221;https:\/\/vagaluna.it\/wp-content\/uploads\/2025\/09\/GG-Sito-Home-400x250px-ROMA-Fascia.jpg&#8221; title_text=&#8221;GG Sito Home 400x250px ROMA Fascia&#8221; url=&#8221;https:\/\/vagaluna.it\/pt-br\/agenda-brasil-pt-br\/agenda-brasil-roma-pt-br\/agenda-brasil-roma-iv-edizione\/&#8221; align=&#8221;center&#8221; _builder_version=&#8221;4.27.4&#8243; _module_preset=&#8221;default&#8221; global_colors_info=&#8221;{}&#8221;][\/et_pb_image][\/et_pb_column][et_pb_column type=&#8221;1_2&#8243; _builder_version=&#8221;4.27.0&#8243; _module_preset=&#8221;default&#8221; global_colors_info=&#8221;{}&#8221;][et_pb_image src=&#8221;https:\/\/vagaluna.it\/wp-content\/uploads\/2025\/09\/GG-Sito-Home-400x250px-TORINO-Fascia.jpg&#8221; title_text=&#8221;GG Sito Home 400x250px TORINO Fascia&#8221; url=&#8221;https:\/\/vagaluna.it\/pt-br\/agenda-brasil-pt-br\/agenda-brasil-turim\/agenda-brasil-torino-v-edicao\/&#8221; align=&#8221;center&#8221; _builder_version=&#8221;4.27.4&#8243; _module_preset=&#8221;default&#8221; global_colors_info=&#8221;{}&#8221;][\/et_pb_image][\/et_pb_column][\/et_pb_row][\/et_pb_section]<\/p>\n","protected":false},"excerpt":{"rendered":"<p>A 12\u00aa edi\u00e7\u00e3o da Agenda Brasil, que ser\u00e1 realizada no Anteo Palazzo del Cinema e em outros locais da cidade, contar\u00e1 com 14 sess\u00f5es, premia\u00e7\u00f5es do j\u00fari e do p\u00fablico, al\u00e9m de uma s\u00e9rie de eventos paralelos que enriquecer\u00e3o o festival e tornar\u00e3o a experi\u00eancia ainda mais envolvente.<\/p>\n","protected":false},"author":1,"featured_media":4452,"comment_status":"closed","ping_status":"open","sticky":false,"template":"","format":"standard","meta":{"_et_pb_use_builder":"on","_et_pb_old_content":"","_et_gb_content_width":"","footnotes":""},"categories":[32],"tags":[],"class_list":["post-4448","post","type-post","status-publish","format-standard","has-post-thumbnail","hentry","category-agenda-brasil-milao"],"yoast_head":"<!-- This site is optimized with the Yoast SEO plugin v26.9 - https:\/\/yoast.com\/product\/yoast-seo-wordpress\/ -->\n<title>Agenda Brasil Mil\u00e3o - XII Edi\u00e7\u00e3o - Vagaluna<\/title>\n<meta name=\"description\" content=\"A 12\u00aa edi\u00e7\u00e3o da Agenda Brasil, que ser\u00e1 realizada no Anteo Palazzo del Cinema e em outros locais da cidade, contar\u00e1 com 14 sess\u00f5es, premia\u00e7\u00f5es do j\u00fari e do p\u00fablico, al\u00e9m de uma s\u00e9rie de eventos paralelos que enriquecer\u00e3o o festival e tornar\u00e3o a experi\u00eancia ainda mais envolvente.\" \/>\n<meta name=\"robots\" content=\"index, follow, max-snippet:-1, max-image-preview:large, max-video-preview:-1\" \/>\n<link rel=\"canonical\" href=\"https:\/\/vagaluna.it\/pt-br\/agenda-brasil-pt-br\/agenda-brasil-milao\/agenda-brasil-milao-xii-edicao\/\" \/>\n<meta property=\"og:locale\" content=\"pt_BR\" \/>\n<meta property=\"og:type\" content=\"article\" \/>\n<meta property=\"og:title\" content=\"Agenda Brasil Mil\u00e3o - XII Edi\u00e7\u00e3o - Vagaluna\" \/>\n<meta property=\"og:description\" content=\"A 12\u00aa edi\u00e7\u00e3o da Agenda Brasil, que ser\u00e1 realizada no Anteo Palazzo del Cinema e em outros locais da cidade, contar\u00e1 com 14 sess\u00f5es, premia\u00e7\u00f5es do j\u00fari e do p\u00fablico, al\u00e9m de uma s\u00e9rie de eventos paralelos que enriquecer\u00e3o o festival e tornar\u00e3o a experi\u00eancia ainda mais envolvente.\" \/>\n<meta property=\"og:url\" content=\"https:\/\/vagaluna.it\/pt-br\/agenda-brasil-pt-br\/agenda-brasil-milao\/agenda-brasil-milao-xii-edicao\/\" \/>\n<meta property=\"og:site_name\" content=\"Vagaluna\" \/>\n<meta property=\"article:published_time\" content=\"2025-09-18T13:09:33+00:00\" \/>\n<meta property=\"article:modified_time\" content=\"2026-01-09T16:13:00+00:00\" \/>\n<meta property=\"og:image\" content=\"https:\/\/vagaluna.it\/wp-content\/uploads\/2025\/09\/GG-Sito-Home-400x250px-MILANO-Fascia.jpg\" \/>\n\t<meta property=\"og:image:width\" content=\"400\" \/>\n\t<meta property=\"og:image:height\" content=\"250\" \/>\n\t<meta property=\"og:image:type\" content=\"image\/jpeg\" \/>\n<meta name=\"author\" content=\"Admin\" \/>\n<meta name=\"twitter:card\" content=\"summary_large_image\" \/>\n<meta name=\"twitter:label1\" content=\"Escrito por\" \/>\n\t<meta name=\"twitter:data1\" content=\"Admin\" \/>\n\t<meta name=\"twitter:label2\" content=\"Est. tempo de leitura\" \/>\n\t<meta name=\"twitter:data2\" content=\"2 minutos\" \/>\n<script type=\"application\/ld+json\" class=\"yoast-schema-graph\">{\"@context\":\"https:\/\/schema.org\",\"@graph\":[{\"@type\":\"Article\",\"@id\":\"https:\/\/vagaluna.it\/pt-br\/agenda-brasil-pt-br\/agenda-brasil-milao\/agenda-brasil-milao-xii-edicao\/#article\",\"isPartOf\":{\"@id\":\"https:\/\/vagaluna.it\/pt-br\/agenda-brasil-pt-br\/agenda-brasil-milao\/agenda-brasil-milao-xii-edicao\/\"},\"author\":{\"name\":\"Admin\",\"@id\":\"https:\/\/vagaluna.it\/pt-br\/#\/schema\/person\/66cd1b8afc7bf49d8d7fbcb7a67f0a47\"},\"headline\":\"Agenda Brasil Mil\u00e3o &#8211; XII Edi\u00e7\u00e3o\",\"datePublished\":\"2025-09-18T13:09:33+00:00\",\"dateModified\":\"2026-01-09T16:13:00+00:00\",\"mainEntityOfPage\":{\"@id\":\"https:\/\/vagaluna.it\/pt-br\/agenda-brasil-pt-br\/agenda-brasil-milao\/agenda-brasil-milao-xii-edicao\/\"},\"wordCount\":7432,\"publisher\":{\"@id\":\"https:\/\/vagaluna.it\/pt-br\/#organization\"},\"image\":{\"@id\":\"https:\/\/vagaluna.it\/pt-br\/agenda-brasil-pt-br\/agenda-brasil-milao\/agenda-brasil-milao-xii-edicao\/#primaryimage\"},\"thumbnailUrl\":\"https:\/\/vagaluna.it\/wp-content\/uploads\/2025\/09\/GG-Sito-Home-400x250px-MILANO-Fascia.jpg\",\"articleSection\":[\"Agenda Brasil Mil\u00e3o\"],\"inLanguage\":\"pt-BR\"},{\"@type\":\"WebPage\",\"@id\":\"https:\/\/vagaluna.it\/pt-br\/agenda-brasil-pt-br\/agenda-brasil-milao\/agenda-brasil-milao-xii-edicao\/\",\"url\":\"https:\/\/vagaluna.it\/pt-br\/agenda-brasil-pt-br\/agenda-brasil-milao\/agenda-brasil-milao-xii-edicao\/\",\"name\":\"Agenda Brasil Mil\u00e3o - XII Edi\u00e7\u00e3o - Vagaluna\",\"isPartOf\":{\"@id\":\"https:\/\/vagaluna.it\/pt-br\/#website\"},\"primaryImageOfPage\":{\"@id\":\"https:\/\/vagaluna.it\/pt-br\/agenda-brasil-pt-br\/agenda-brasil-milao\/agenda-brasil-milao-xii-edicao\/#primaryimage\"},\"image\":{\"@id\":\"https:\/\/vagaluna.it\/pt-br\/agenda-brasil-pt-br\/agenda-brasil-milao\/agenda-brasil-milao-xii-edicao\/#primaryimage\"},\"thumbnailUrl\":\"https:\/\/vagaluna.it\/wp-content\/uploads\/2025\/09\/GG-Sito-Home-400x250px-MILANO-Fascia.jpg\",\"datePublished\":\"2025-09-18T13:09:33+00:00\",\"dateModified\":\"2026-01-09T16:13:00+00:00\",\"description\":\"A 12\u00aa edi\u00e7\u00e3o da Agenda Brasil, que ser\u00e1 realizada no Anteo Palazzo del Cinema e em outros locais da cidade, contar\u00e1 com 14 sess\u00f5es, premia\u00e7\u00f5es do j\u00fari e do p\u00fablico, al\u00e9m de uma s\u00e9rie de eventos paralelos que enriquecer\u00e3o o festival e tornar\u00e3o a experi\u00eancia ainda mais envolvente.\",\"breadcrumb\":{\"@id\":\"https:\/\/vagaluna.it\/pt-br\/agenda-brasil-pt-br\/agenda-brasil-milao\/agenda-brasil-milao-xii-edicao\/#breadcrumb\"},\"inLanguage\":\"pt-BR\",\"potentialAction\":[{\"@type\":\"ReadAction\",\"target\":[\"https:\/\/vagaluna.it\/pt-br\/agenda-brasil-pt-br\/agenda-brasil-milao\/agenda-brasil-milao-xii-edicao\/\"]}]},{\"@type\":\"ImageObject\",\"inLanguage\":\"pt-BR\",\"@id\":\"https:\/\/vagaluna.it\/pt-br\/agenda-brasil-pt-br\/agenda-brasil-milao\/agenda-brasil-milao-xii-edicao\/#primaryimage\",\"url\":\"https:\/\/vagaluna.it\/wp-content\/uploads\/2025\/09\/GG-Sito-Home-400x250px-MILANO-Fascia.jpg\",\"contentUrl\":\"https:\/\/vagaluna.it\/wp-content\/uploads\/2025\/09\/GG-Sito-Home-400x250px-MILANO-Fascia.jpg\",\"width\":400,\"height\":250},{\"@type\":\"BreadcrumbList\",\"@id\":\"https:\/\/vagaluna.it\/pt-br\/agenda-brasil-pt-br\/agenda-brasil-milao\/agenda-brasil-milao-xii-edicao\/#breadcrumb\",\"itemListElement\":[{\"@type\":\"ListItem\",\"position\":1,\"name\":\"Home\",\"item\":\"https:\/\/vagaluna.it\/pt-br\/home\/\"},{\"@type\":\"ListItem\",\"position\":2,\"name\":\"Agenda Brasil Mil\u00e3o &#8211; XII Edi\u00e7\u00e3o\"}]},{\"@type\":\"WebSite\",\"@id\":\"https:\/\/vagaluna.it\/pt-br\/#website\",\"url\":\"https:\/\/vagaluna.it\/pt-br\/\",\"name\":\"Vagaluna\",\"description\":\"Vagaluna\",\"publisher\":{\"@id\":\"https:\/\/vagaluna.it\/pt-br\/#organization\"},\"potentialAction\":[{\"@type\":\"SearchAction\",\"target\":{\"@type\":\"EntryPoint\",\"urlTemplate\":\"https:\/\/vagaluna.it\/pt-br\/?s={search_term_string}\"},\"query-input\":{\"@type\":\"PropertyValueSpecification\",\"valueRequired\":true,\"valueName\":\"search_term_string\"}}],\"inLanguage\":\"pt-BR\"},{\"@type\":\"Organization\",\"@id\":\"https:\/\/vagaluna.it\/pt-br\/#organization\",\"name\":\"Vagaluna\",\"url\":\"https:\/\/vagaluna.it\/pt-br\/\",\"logo\":{\"@type\":\"ImageObject\",\"inLanguage\":\"pt-BR\",\"@id\":\"https:\/\/vagaluna.it\/pt-br\/#\/schema\/logo\/image\/\",\"url\":\"https:\/\/vagaluna.it\/wp-content\/uploads\/2023\/01\/cropped-vagaluna_logo_trasparente-2-300x81-1.png\",\"contentUrl\":\"https:\/\/vagaluna.it\/wp-content\/uploads\/2023\/01\/cropped-vagaluna_logo_trasparente-2-300x81-1.png\",\"width\":300,\"height\":81,\"caption\":\"Vagaluna\"},\"image\":{\"@id\":\"https:\/\/vagaluna.it\/pt-br\/#\/schema\/logo\/image\/\"}},{\"@type\":\"Person\",\"@id\":\"https:\/\/vagaluna.it\/pt-br\/#\/schema\/person\/66cd1b8afc7bf49d8d7fbcb7a67f0a47\",\"name\":\"Admin\",\"sameAs\":[\"https:\/\/vagaluna.it\"],\"url\":\"https:\/\/vagaluna.it\/pt-br\/author\/admin\/\"}]}<\/script>\n<!-- \/ Yoast SEO plugin. -->","yoast_head_json":{"title":"Agenda Brasil Mil\u00e3o - XII Edi\u00e7\u00e3o - Vagaluna","description":"A 12\u00aa edi\u00e7\u00e3o da Agenda Brasil, que ser\u00e1 realizada no Anteo Palazzo del Cinema e em outros locais da cidade, contar\u00e1 com 14 sess\u00f5es, premia\u00e7\u00f5es do j\u00fari e do p\u00fablico, al\u00e9m de uma s\u00e9rie de eventos paralelos que enriquecer\u00e3o o festival e tornar\u00e3o a experi\u00eancia ainda mais envolvente.","robots":{"index":"index","follow":"follow","max-snippet":"max-snippet:-1","max-image-preview":"max-image-preview:large","max-video-preview":"max-video-preview:-1"},"canonical":"https:\/\/vagaluna.it\/pt-br\/agenda-brasil-pt-br\/agenda-brasil-milao\/agenda-brasil-milao-xii-edicao\/","og_locale":"pt_BR","og_type":"article","og_title":"Agenda Brasil Mil\u00e3o - XII Edi\u00e7\u00e3o - Vagaluna","og_description":"A 12\u00aa edi\u00e7\u00e3o da Agenda Brasil, que ser\u00e1 realizada no Anteo Palazzo del Cinema e em outros locais da cidade, contar\u00e1 com 14 sess\u00f5es, premia\u00e7\u00f5es do j\u00fari e do p\u00fablico, al\u00e9m de uma s\u00e9rie de eventos paralelos que enriquecer\u00e3o o festival e tornar\u00e3o a experi\u00eancia ainda mais envolvente.","og_url":"https:\/\/vagaluna.it\/pt-br\/agenda-brasil-pt-br\/agenda-brasil-milao\/agenda-brasil-milao-xii-edicao\/","og_site_name":"Vagaluna","article_published_time":"2025-09-18T13:09:33+00:00","article_modified_time":"2026-01-09T16:13:00+00:00","og_image":[{"width":400,"height":250,"url":"https:\/\/vagaluna.it\/wp-content\/uploads\/2025\/09\/GG-Sito-Home-400x250px-MILANO-Fascia.jpg","type":"image\/jpeg"}],"author":"Admin","twitter_card":"summary_large_image","twitter_misc":{"Escrito por":"Admin","Est. tempo de leitura":"2 minutos"},"schema":{"@context":"https:\/\/schema.org","@graph":[{"@type":"Article","@id":"https:\/\/vagaluna.it\/pt-br\/agenda-brasil-pt-br\/agenda-brasil-milao\/agenda-brasil-milao-xii-edicao\/#article","isPartOf":{"@id":"https:\/\/vagaluna.it\/pt-br\/agenda-brasil-pt-br\/agenda-brasil-milao\/agenda-brasil-milao-xii-edicao\/"},"author":{"name":"Admin","@id":"https:\/\/vagaluna.it\/pt-br\/#\/schema\/person\/66cd1b8afc7bf49d8d7fbcb7a67f0a47"},"headline":"Agenda Brasil Mil\u00e3o &#8211; XII Edi\u00e7\u00e3o","datePublished":"2025-09-18T13:09:33+00:00","dateModified":"2026-01-09T16:13:00+00:00","mainEntityOfPage":{"@id":"https:\/\/vagaluna.it\/pt-br\/agenda-brasil-pt-br\/agenda-brasil-milao\/agenda-brasil-milao-xii-edicao\/"},"wordCount":7432,"publisher":{"@id":"https:\/\/vagaluna.it\/pt-br\/#organization"},"image":{"@id":"https:\/\/vagaluna.it\/pt-br\/agenda-brasil-pt-br\/agenda-brasil-milao\/agenda-brasil-milao-xii-edicao\/#primaryimage"},"thumbnailUrl":"https:\/\/vagaluna.it\/wp-content\/uploads\/2025\/09\/GG-Sito-Home-400x250px-MILANO-Fascia.jpg","articleSection":["Agenda Brasil Mil\u00e3o"],"inLanguage":"pt-BR"},{"@type":"WebPage","@id":"https:\/\/vagaluna.it\/pt-br\/agenda-brasil-pt-br\/agenda-brasil-milao\/agenda-brasil-milao-xii-edicao\/","url":"https:\/\/vagaluna.it\/pt-br\/agenda-brasil-pt-br\/agenda-brasil-milao\/agenda-brasil-milao-xii-edicao\/","name":"Agenda Brasil Mil\u00e3o - XII Edi\u00e7\u00e3o - Vagaluna","isPartOf":{"@id":"https:\/\/vagaluna.it\/pt-br\/#website"},"primaryImageOfPage":{"@id":"https:\/\/vagaluna.it\/pt-br\/agenda-brasil-pt-br\/agenda-brasil-milao\/agenda-brasil-milao-xii-edicao\/#primaryimage"},"image":{"@id":"https:\/\/vagaluna.it\/pt-br\/agenda-brasil-pt-br\/agenda-brasil-milao\/agenda-brasil-milao-xii-edicao\/#primaryimage"},"thumbnailUrl":"https:\/\/vagaluna.it\/wp-content\/uploads\/2025\/09\/GG-Sito-Home-400x250px-MILANO-Fascia.jpg","datePublished":"2025-09-18T13:09:33+00:00","dateModified":"2026-01-09T16:13:00+00:00","description":"A 12\u00aa edi\u00e7\u00e3o da Agenda Brasil, que ser\u00e1 realizada no Anteo Palazzo del Cinema e em outros locais da cidade, contar\u00e1 com 14 sess\u00f5es, premia\u00e7\u00f5es do j\u00fari e do p\u00fablico, al\u00e9m de uma s\u00e9rie de eventos paralelos que enriquecer\u00e3o o festival e tornar\u00e3o a experi\u00eancia ainda mais envolvente.","breadcrumb":{"@id":"https:\/\/vagaluna.it\/pt-br\/agenda-brasil-pt-br\/agenda-brasil-milao\/agenda-brasil-milao-xii-edicao\/#breadcrumb"},"inLanguage":"pt-BR","potentialAction":[{"@type":"ReadAction","target":["https:\/\/vagaluna.it\/pt-br\/agenda-brasil-pt-br\/agenda-brasil-milao\/agenda-brasil-milao-xii-edicao\/"]}]},{"@type":"ImageObject","inLanguage":"pt-BR","@id":"https:\/\/vagaluna.it\/pt-br\/agenda-brasil-pt-br\/agenda-brasil-milao\/agenda-brasil-milao-xii-edicao\/#primaryimage","url":"https:\/\/vagaluna.it\/wp-content\/uploads\/2025\/09\/GG-Sito-Home-400x250px-MILANO-Fascia.jpg","contentUrl":"https:\/\/vagaluna.it\/wp-content\/uploads\/2025\/09\/GG-Sito-Home-400x250px-MILANO-Fascia.jpg","width":400,"height":250},{"@type":"BreadcrumbList","@id":"https:\/\/vagaluna.it\/pt-br\/agenda-brasil-pt-br\/agenda-brasil-milao\/agenda-brasil-milao-xii-edicao\/#breadcrumb","itemListElement":[{"@type":"ListItem","position":1,"name":"Home","item":"https:\/\/vagaluna.it\/pt-br\/home\/"},{"@type":"ListItem","position":2,"name":"Agenda Brasil Mil\u00e3o &#8211; XII Edi\u00e7\u00e3o"}]},{"@type":"WebSite","@id":"https:\/\/vagaluna.it\/pt-br\/#website","url":"https:\/\/vagaluna.it\/pt-br\/","name":"Vagaluna","description":"Vagaluna","publisher":{"@id":"https:\/\/vagaluna.it\/pt-br\/#organization"},"potentialAction":[{"@type":"SearchAction","target":{"@type":"EntryPoint","urlTemplate":"https:\/\/vagaluna.it\/pt-br\/?s={search_term_string}"},"query-input":{"@type":"PropertyValueSpecification","valueRequired":true,"valueName":"search_term_string"}}],"inLanguage":"pt-BR"},{"@type":"Organization","@id":"https:\/\/vagaluna.it\/pt-br\/#organization","name":"Vagaluna","url":"https:\/\/vagaluna.it\/pt-br\/","logo":{"@type":"ImageObject","inLanguage":"pt-BR","@id":"https:\/\/vagaluna.it\/pt-br\/#\/schema\/logo\/image\/","url":"https:\/\/vagaluna.it\/wp-content\/uploads\/2023\/01\/cropped-vagaluna_logo_trasparente-2-300x81-1.png","contentUrl":"https:\/\/vagaluna.it\/wp-content\/uploads\/2023\/01\/cropped-vagaluna_logo_trasparente-2-300x81-1.png","width":300,"height":81,"caption":"Vagaluna"},"image":{"@id":"https:\/\/vagaluna.it\/pt-br\/#\/schema\/logo\/image\/"}},{"@type":"Person","@id":"https:\/\/vagaluna.it\/pt-br\/#\/schema\/person\/66cd1b8afc7bf49d8d7fbcb7a67f0a47","name":"Admin","sameAs":["https:\/\/vagaluna.it"],"url":"https:\/\/vagaluna.it\/pt-br\/author\/admin\/"}]}},"_links":{"self":[{"href":"https:\/\/vagaluna.it\/pt-br\/wp-json\/wp\/v2\/posts\/4448","targetHints":{"allow":["GET"]}}],"collection":[{"href":"https:\/\/vagaluna.it\/pt-br\/wp-json\/wp\/v2\/posts"}],"about":[{"href":"https:\/\/vagaluna.it\/pt-br\/wp-json\/wp\/v2\/types\/post"}],"author":[{"embeddable":true,"href":"https:\/\/vagaluna.it\/pt-br\/wp-json\/wp\/v2\/users\/1"}],"replies":[{"embeddable":true,"href":"https:\/\/vagaluna.it\/pt-br\/wp-json\/wp\/v2\/comments?post=4448"}],"version-history":[{"count":20,"href":"https:\/\/vagaluna.it\/pt-br\/wp-json\/wp\/v2\/posts\/4448\/revisions"}],"predecessor-version":[{"id":4769,"href":"https:\/\/vagaluna.it\/pt-br\/wp-json\/wp\/v2\/posts\/4448\/revisions\/4769"}],"wp:featuredmedia":[{"embeddable":true,"href":"https:\/\/vagaluna.it\/pt-br\/wp-json\/wp\/v2\/media\/4452"}],"wp:attachment":[{"href":"https:\/\/vagaluna.it\/pt-br\/wp-json\/wp\/v2\/media?parent=4448"}],"wp:term":[{"taxonomy":"category","embeddable":true,"href":"https:\/\/vagaluna.it\/pt-br\/wp-json\/wp\/v2\/categories?post=4448"},{"taxonomy":"post_tag","embeddable":true,"href":"https:\/\/vagaluna.it\/pt-br\/wp-json\/wp\/v2\/tags?post=4448"}],"curies":[{"name":"wp","href":"https:\/\/api.w.org\/{rel}","templated":true}]}}