{"id":613,"date":"2019-02-04T15:17:43","date_gmt":"2019-02-04T15:17:43","guid":{"rendered":"https:\/\/vagaluna.it\/?p=613"},"modified":"2024-01-05T15:53:34","modified_gmt":"2024-01-05T15:53:34","slug":"agenda-brasil-turim-2019","status":"publish","type":"post","link":"https:\/\/vagaluna.it\/pt-br\/agenda-brasil-pt-br\/agenda-brasil-turim\/agenda-brasil-turim-2019\/","title":{"rendered":"Agenda Brasil Turim 2019"},"content":{"rendered":"<p>[et_pb_section fb_built=&#8221;1&#8243; custom_padding_last_edited=&#8221;on|tablet&#8221; admin_label=&#8221;Packages&#8221; _builder_version=&#8221;4.16&#8243; custom_padding=&#8221;110px||110px|&#8221; custom_padding_tablet=&#8221;0px||0px|&#8221; custom_padding_phone=&#8221;&#8221; global_colors_info=&#8221;{}&#8221;][et_pb_row custom_padding_last_edited=&#8221;on|phone&#8221; admin_label=&#8221;T\u00edtulo dos pacotes&#8221; _builder_version=&#8221;4.16&#8243; custom_padding=&#8221;30px|0px|120px|0px&#8221; custom_padding_tablet=&#8221;60px||0px|&#8221; custom_padding_phone=&#8221;&#8221; locked=&#8221;off&#8221; global_colors_info=&#8221;{}&#8221;][et_pb_column type=&#8221;4_4&#8243; _builder_version=&#8221;4.16&#8243; custom_padding=&#8221;|||&#8221; global_colors_info=&#8221;{}&#8221; custom_padding__hover=&#8221;|||&#8221;][et_pb_text _builder_version=&#8221;4.19.4&#8243; text_font=&#8221;||||&#8221; text_text_color=&#8221;#1a1a1a&#8221; header_font=&#8221;Oswald|on||on|&#8221; header_text_align=&#8221;center&#8221; header_font_size=&#8221;60px&#8221; header_line_height=&#8221;1.3em&#8221; module_alignment=&#8221;center&#8221; custom_margin=&#8221;|||&#8221; custom_padding=&#8221;|||&#8221; animation_style=&#8221;slide&#8221; animation_direction=&#8221;top&#8221; animation_intensity_slide=&#8221;10%&#8221; locked=&#8221;off&#8221; global_colors_info=&#8221;{}&#8221;]<\/p>\n<h1>Agenda Brasil Turim 2019<\/h1>\n<p>[\/et_pb_text][et_pb_divider color=&#8221;#6b0008&#8243; divider_position=&#8221;center&#8221; divider_weight=&#8221;3px&#8221; disabled_on=&#8221;off|off|off&#8221; _builder_version=&#8221;4.19.4&#8243; max_width=&#8221;150px&#8221; module_alignment=&#8221;center&#8221; height=&#8221;false&#8221; custom_margin=&#8221;30px|||&#8221; animation_style=&#8221;slide&#8221; animation_direction=&#8221;top&#8221; animation_delay=&#8221;100ms&#8221; animation_intensity_slide=&#8221;10%&#8221; locked=&#8221;off&#8221; global_colors_info=&#8221;{}&#8221;][\/et_pb_divider][\/et_pb_column][\/et_pb_row][et_pb_row column_structure=&#8221;1_2,1_2&#8243; admin_label=&#8221;Package&#8221; _builder_version=&#8221;4.16&#8243; background_size=&#8221;initial&#8221; background_position=&#8221;top_left&#8221; background_repeat=&#8221;repeat&#8221; global_colors_info=&#8221;{}&#8221;][et_pb_column type=&#8221;1_2&#8243; _builder_version=&#8221;4.16&#8243; custom_padding=&#8221;|||&#8221; global_colors_info=&#8221;{}&#8221; custom_padding__hover=&#8221;|||&#8221;][et_pb_image src=&#8221;https:\/\/vagaluna.it\/wp-content\/uploads\/2023\/01\/AgendaBR2019-Torino_vertical2-576&#215;1024-1.jpg&#8221; title_text=&#8221;AgendaBR2019-Torino_vertical2-576&#215;1024&#8243; align_tablet=&#8221;center&#8221; align_phone=&#8221;center&#8221; align_last_edited=&#8221;on|desktop&#8221; admin_label=&#8221;Package Image&#8221; _builder_version=&#8221;4.19.5&#8243; animation_style=&#8221;fold&#8221; animation_direction=&#8221;right&#8221; animation_intensity_fold=&#8221;20%&#8221; global_colors_info=&#8221;{}&#8221;][\/et_pb_image][\/et_pb_column][et_pb_column type=&#8221;1_2&#8243; _builder_version=&#8221;4.16&#8243; custom_padding=&#8221;|||&#8221; global_colors_info=&#8221;{}&#8221; custom_padding__hover=&#8221;|||&#8221;][et_pb_text admin_label=&#8221;Description&#8221; _builder_version=&#8221;4.19.5&#8243; text_font=&#8221;Roboto||||&#8221; text_font_size=&#8221;16px&#8221; text_line_height=&#8221;1.8em&#8221; background_size=&#8221;initial&#8221; background_position=&#8221;top_left&#8221; background_repeat=&#8221;repeat&#8221; animation_style=&#8221;zoom&#8221; animation_direction=&#8221;left&#8221; animation_delay=&#8221;100ms&#8221; animation_intensity_zoom=&#8221;10%&#8221; global_colors_info=&#8221;{}&#8221;]<\/p>\n<p class=\"m_-6952411792671802600ydp58d0163bMsoNormal\">Agenda Brasil \u2013 Turim retorna ao Cinema Massimo para sua segunda edi\u00e7\u00e3o, com os elementos que caracterizaram o evento desde o in\u00edcio.<br \/>O n\u00facleo da programa\u00e7\u00e3o de 2019 ser\u00e1 constitu\u00eddo pelos filmes apresentados na edi\u00e7\u00e3o de julho do Festival de Mil\u00e3o. Em Turim, al\u00e9m da preciosa colabora\u00e7\u00e3o do Museu do Cinema, h\u00e1 a atividade organizativa das associa\u00e7\u00f5es locais, a brasileira Casa Brasil e a \u00edtalo-portuguesa Tuc\u00e1tul\u00e1. Surgem ent\u00e3o outras \u00e1reas do cinema de l\u00edngua portuguesa, a cr\u00edtica alarga-se a um &#8220;espa\u00e7o lus\u00f3fono&#8221; atrav\u00e9s de dois filmes: o mo\u00e7ambicano <i>Comboio de sal e a\u00e7\u00facar<\/i> e os timorenses <i>A guerra da Beatriz<\/i>, ambientado no per\u00edodo imediatamente posterior \u00e0 independ\u00eancia de Portugal e num contexto tumultuado em que se destaca o papel da mulher.<br \/>Entre os filmes brasileiros que continuam a representar aquele pa\u00eds-caleidosc\u00f3pio \u2013 da eterna alma <i>nordestina <\/i> \u00e0 excel\u00eancia musical, do mundo cultural da Amaz\u00f4nia \u00e0s lutas civis e pelo meio ambiente \u2013 destacam-se os pr\u00eamios de p\u00fablico e cr\u00edtica da Agenda Brasil 2019 \u2013 Mil\u00e3o. Respectivamente, <i>Alguma coisa assim<\/i>, com sua contundente an\u00e1lise dos sentimentos da juventude <i>global<\/i>, e a adapta\u00e7\u00e3o cinematogr\u00e1fica de <i>O<\/i> <i>Beijo<\/i> <i>no Asfalto, <\/i>acesso privilegiado ao universo do maior dramaturgo brasileiro, ainda in\u00e9dito na It\u00e1lia, Nelson Rodrigues.<br \/>E surge uma homenagem talvez inesperada a George Hilton e ao cinema de &#8220;g\u00e9nero&#8221; italiano (western, amarelo, thriller) dos anos 60\/70.<\/p>\n<p><span style=\"text-decoration: underline;\"><strong>Os filmes est\u00e3o no idioma original com legendas em italiano<\/strong><\/span>, exceto <em>As aventuras do pequeno Colombo<\/em>, ue ser\u00e3o acompanhados por um narrador.<\/p>\n<p>[\/et_pb_text][et_pb_text admin_label=&#8221;Description&#8221; _builder_version=&#8221;4.19.5&#8243; text_font=&#8221;Roboto||||&#8221; text_font_size=&#8221;16px&#8221; text_line_height=&#8221;1.8em&#8221; background_size=&#8221;initial&#8221; background_position=&#8221;top_left&#8221; background_repeat=&#8221;repeat&#8221; animation_style=&#8221;zoom&#8221; animation_direction=&#8221;left&#8221; animation_delay=&#8221;100ms&#8221; animation_intensity_zoom=&#8221;10%&#8221; global_colors_info=&#8221;{}&#8221;]<\/p>\n<p><strong>Cinema Massimo<\/strong> \u2013 Via Giuseppe Verdi 18<br \/><a href=\"http:\/\/www.cinemamassimotorino.it\/\" target=\"_blank\" rel=\"noopener\">www.cinemamassimotorino.it<\/a><strong><br \/>M\u00e9todo de entrada<\/strong><br \/>Inteira \u20ac 6,00<br \/>Reduzido: Aiace, militari, under18 \u20ac4,00<br \/>Studenti universitari e Over 60 \u20ac3,00 (spettacoli pomeridiani), \u20ac4,00 (spettacoli serali)<br \/>Passe para 10 entradas: 30,00\u20ac<\/p>\n<p>Veja o <a href=\"https:\/\/youtu.be\/U1f3MHFOgFg\" target=\"_blank\" rel=\"noopener\">trailer do Festival<\/a><\/p>\n<p>[\/et_pb_text][\/et_pb_column][\/et_pb_row][et_pb_row admin_label=&#8221;Package&#8221; _builder_version=&#8221;4.16&#8243; background_size=&#8221;initial&#8221; background_position=&#8221;top_left&#8221; background_repeat=&#8221;repeat&#8221; global_colors_info=&#8221;{}&#8221;][et_pb_column type=&#8221;4_4&#8243; _builder_version=&#8221;4.16&#8243; custom_padding=&#8221;|||&#8221; global_colors_info=&#8221;{}&#8221; custom_padding__hover=&#8221;|||&#8221;][et_pb_text admin_label=&#8221;Package Title&#8221; _builder_version=&#8221;4.19.5&#8243; text_font=&#8221;Oswald||||&#8221; text_text_color=&#8221;#6b0008&#8243; text_font_size=&#8221;24px&#8221; background_size=&#8221;initial&#8221; background_position=&#8221;top_left&#8221; background_repeat=&#8221;repeat&#8221; animation_style=&#8221;zoom&#8221; animation_direction=&#8221;left&#8221; animation_intensity_zoom=&#8221;10%&#8221; global_colors_info=&#8221;{}&#8221;]<\/p>\n<p>PLANO<\/p>\n<p>sexta-feira, 4 de outubro<\/p>\n<p>[\/et_pb_text][\/et_pb_column][\/et_pb_row][et_pb_row column_structure=&#8221;1_2,1_2&#8243; admin_label=&#8221;Package&#8221; _builder_version=&#8221;4.16&#8243; background_size=&#8221;initial&#8221; background_position=&#8221;top_left&#8221; background_repeat=&#8221;repeat&#8221; global_colors_info=&#8221;{}&#8221;][et_pb_column type=&#8221;1_2&#8243; _builder_version=&#8221;4.16&#8243; custom_padding=&#8221;|||&#8221; global_colors_info=&#8221;{}&#8221; custom_padding__hover=&#8221;|||&#8221;][et_pb_image src=&#8221;https:\/\/vagaluna.it\/wp-content\/uploads\/2023\/01\/Schermata-2019-06-07-alle-22.13.55.png&#8221; title_text=&#8221;Schermata-2019-06-07-alle-22.13.55&#8243; align_tablet=&#8221;center&#8221; align_phone=&#8221;center&#8221; align_last_edited=&#8221;on|desktop&#8221; admin_label=&#8221;Package Image&#8221; _builder_version=&#8221;4.19.5&#8243; animation_style=&#8221;fold&#8221; animation_direction=&#8221;right&#8221; animation_intensity_fold=&#8221;20%&#8221; global_colors_info=&#8221;{}&#8221;][\/et_pb_image][\/et_pb_column][et_pb_column type=&#8221;1_2&#8243; _builder_version=&#8221;4.16&#8243; custom_padding=&#8221;|||&#8221; global_colors_info=&#8221;{}&#8221; custom_padding__hover=&#8221;|||&#8221;][et_pb_text admin_label=&#8221;Description&#8221; _builder_version=&#8221;4.19.5&#8243; text_font=&#8221;Roboto||||&#8221; text_font_size=&#8221;16px&#8221; text_line_height=&#8221;1.8em&#8221; background_size=&#8221;initial&#8221; background_position=&#8221;top_left&#8221; background_repeat=&#8221;repeat&#8221; animation_style=&#8221;zoom&#8221; animation_direction=&#8221;left&#8221; animation_delay=&#8221;100ms&#8221; animation_intensity_zoom=&#8221;10%&#8221; global_colors_info=&#8221;{}&#8221;]<\/p>\n<p><strong>h <\/strong><strong>16.00<\/strong> <u>George Hilton: o mundo \u00e9 dos audazes<\/u> (Brasile\/Italia 2019, 106\u2019) regia di Daniel Camargo. Biografia de George Hilton, estrela do cinema italiano dos anos 60 aos anos 80. Hilton deixou sua rica fam\u00edlia no Uruguai, aventurando-se na It\u00e1lia e estrelando westerns, mist\u00e9rios e outros g\u00eaneros do cinema popular.<br \/><strong>O diretor est\u00e1 presente.<\/strong><\/p>\n<p>[\/et_pb_text][\/et_pb_column][\/et_pb_row][et_pb_row column_structure=&#8221;1_2,1_2&#8243; admin_label=&#8221;Package&#8221; _builder_version=&#8221;4.16&#8243; background_size=&#8221;initial&#8221; background_position=&#8221;top_left&#8221; background_repeat=&#8221;repeat&#8221; global_colors_info=&#8221;{}&#8221;][et_pb_column type=&#8221;1_2&#8243; _builder_version=&#8221;4.16&#8243; custom_padding=&#8221;|||&#8221; global_colors_info=&#8221;{}&#8221; custom_padding__hover=&#8221;|||&#8221;][et_pb_image src=&#8221;https:\/\/vagaluna.it\/wp-content\/uploads\/2023\/01\/clementina_bassa_2.png&#8221; title_text=&#8221;clementina_bassa_2&#8243; align_tablet=&#8221;center&#8221; align_phone=&#8221;center&#8221; align_last_edited=&#8221;on|desktop&#8221; admin_label=&#8221;Package Image&#8221; _builder_version=&#8221;4.19.5&#8243; animation_style=&#8221;fold&#8221; animation_direction=&#8221;right&#8221; animation_intensity_fold=&#8221;20%&#8221; global_colors_info=&#8221;{}&#8221;][\/et_pb_image][\/et_pb_column][et_pb_column type=&#8221;1_2&#8243; _builder_version=&#8221;4.16&#8243; custom_padding=&#8221;|||&#8221; global_colors_info=&#8221;{}&#8221; custom_padding__hover=&#8221;|||&#8221;][et_pb_text admin_label=&#8221;Description&#8221; _builder_version=&#8221;4.19.5&#8243; text_font=&#8221;Roboto||||&#8221; text_font_size=&#8221;16px&#8221; text_line_height=&#8221;1.8em&#8221; background_size=&#8221;initial&#8221; background_position=&#8221;top_left&#8221; background_repeat=&#8221;repeat&#8221; animation_style=&#8221;zoom&#8221; animation_direction=&#8221;left&#8221; animation_delay=&#8221;100ms&#8221; animation_intensity_zoom=&#8221;10%&#8221; global_colors_info=&#8221;{}&#8221;]<\/p>\n<p><strong>h 18.30 <\/strong><u>Clementina<\/u> (Brasil, 2018, 75\u2019) regia di Ana Rieper. Clementina de Jesus se destaca na hist\u00f3ria da m\u00fasica brasileira por sua voz excepcional, letras po\u00e9ticas, os tambores mais eloquentes e repert\u00f3rio religioso de matriz africana. Neto de escravos, com sua can\u00e7\u00e3o mostrava toda alegria, for\u00e7a e drama da condi\u00e7\u00e3o do negro no Brasil. Vencedora do Trof\u00e9u Aruanda de melhor personagem feminina de 2018.<\/p>\n<p>[\/et_pb_text][\/et_pb_column][\/et_pb_row][et_pb_row admin_label=&#8221;Package&#8221; _builder_version=&#8221;4.16&#8243; background_size=&#8221;initial&#8221; background_position=&#8221;top_left&#8221; background_repeat=&#8221;repeat&#8221; global_colors_info=&#8221;{}&#8221;][et_pb_column type=&#8221;4_4&#8243; _builder_version=&#8221;4.16&#8243; custom_padding=&#8221;|||&#8221; global_colors_info=&#8221;{}&#8221; custom_padding__hover=&#8221;|||&#8221;][et_pb_text admin_label=&#8221;Package Title&#8221; _builder_version=&#8221;4.19.5&#8243; text_font=&#8221;Oswald||||&#8221; text_text_color=&#8221;#6b0008&#8243; text_font_size=&#8221;24px&#8221; background_size=&#8221;initial&#8221; background_position=&#8221;top_left&#8221; background_repeat=&#8221;repeat&#8221; animation_style=&#8221;zoom&#8221; animation_direction=&#8221;left&#8221; animation_intensity_zoom=&#8221;10%&#8221; global_colors_info=&#8221;{}&#8221;]<\/p>\n<p>h 19h30 Brinde de inaugura\u00e7\u00e3o<\/p>\n<p>&nbsp;<\/p>\n<p>[\/et_pb_text][\/et_pb_column][\/et_pb_row][et_pb_row column_structure=&#8221;1_2,1_2&#8243; admin_label=&#8221;Package&#8221; _builder_version=&#8221;4.16&#8243; background_size=&#8221;initial&#8221; background_position=&#8221;top_left&#8221; background_repeat=&#8221;repeat&#8221; global_colors_info=&#8221;{}&#8221;][et_pb_column type=&#8221;1_2&#8243; _builder_version=&#8221;4.16&#8243; custom_padding=&#8221;|||&#8221; global_colors_info=&#8221;{}&#8221; custom_padding__hover=&#8221;|||&#8221;][et_pb_image src=&#8221;https:\/\/vagaluna.it\/wp-content\/uploads\/2023\/01\/Schermata-2019-06-07-alle-16.49.44.png&#8221; title_text=&#8221;Schermata-2019-06-07-alle-16.49.44&#8243; align_tablet=&#8221;center&#8221; align_phone=&#8221;center&#8221; align_last_edited=&#8221;on|desktop&#8221; admin_label=&#8221;Package Image&#8221; _builder_version=&#8221;4.19.5&#8243; animation_style=&#8221;fold&#8221; animation_direction=&#8221;right&#8221; animation_intensity_fold=&#8221;20%&#8221; global_colors_info=&#8221;{}&#8221;][\/et_pb_image][\/et_pb_column][et_pb_column type=&#8221;1_2&#8243; _builder_version=&#8221;4.16&#8243; custom_padding=&#8221;|||&#8221; global_colors_info=&#8221;{}&#8221; custom_padding__hover=&#8221;|||&#8221;][et_pb_text admin_label=&#8221;Description&#8221; _builder_version=&#8221;4.19.5&#8243; text_font=&#8221;Roboto||||&#8221; text_font_size=&#8221;16px&#8221; text_line_height=&#8221;1.8em&#8221; background_size=&#8221;initial&#8221; background_position=&#8221;top_left&#8221; background_repeat=&#8221;repeat&#8221; animation_style=&#8221;zoom&#8221; animation_direction=&#8221;left&#8221; animation_delay=&#8221;100ms&#8221; animation_intensity_zoom=&#8221;10%&#8221; global_colors_info=&#8221;{}&#8221;]<\/p>\n<p><strong>h 20.30 <\/strong><u>O beijo no asfalto<\/u> (Brasil, 2018, 98&#8242;) dirigido por Murilo Ben\u00edcio, baseado na obra hom\u00f4nima de Nelson Rodrigues. Arandir, um jovem banc\u00e1rio rec\u00e9m-casado, resgata um homem atropelado por um \u00f4nibus. O moribundo expressa seu \u00faltimo desejo: um beijo. Arandir beija o homem, mas o gesto \u00e9 visto pelo sogro Apr\u00edgio e fotografado por um rep\u00f3rter em busca de um furo. O rep\u00f3rter investiga e insta a pol\u00edcia a investigar uma suposta rela\u00e7\u00e3o entre Arandir e o morto. Com Fernanda Montenegro, L\u00e1zaro Ramos, D\u00e9bora Falabella, Augusto Madeira, Ot\u00e1vio M\u00fcller, Luiza Tiso, Amir Hadad, St\u00eanio Garcia, Raquel Fabri, Marcelo Flores e Arlindo Lopes. Agenda Brasil Milano 2019 Pr\u00eamio do J\u00fari e do P\u00fablico.<\/p>\n<p>[\/et_pb_text][\/et_pb_column][\/et_pb_row][et_pb_row admin_label=&#8221;Package&#8221; _builder_version=&#8221;4.16&#8243; background_size=&#8221;initial&#8221; background_position=&#8221;top_left&#8221; background_repeat=&#8221;repeat&#8221; global_colors_info=&#8221;{}&#8221;][et_pb_column type=&#8221;4_4&#8243; _builder_version=&#8221;4.16&#8243; custom_padding=&#8221;|||&#8221; global_colors_info=&#8221;{}&#8221; custom_padding__hover=&#8221;|||&#8221;][et_pb_text admin_label=&#8221;Package Title&#8221; _builder_version=&#8221;4.19.5&#8243; text_font=&#8221;Oswald||||&#8221; text_text_color=&#8221;#6b0008&#8243; text_font_size=&#8221;24px&#8221; background_size=&#8221;initial&#8221; background_position=&#8221;top_left&#8221; background_repeat=&#8221;repeat&#8221; animation_style=&#8221;zoom&#8221; animation_direction=&#8221;left&#8221; animation_intensity_zoom=&#8221;10%&#8221; global_colors_info=&#8221;{}&#8221;]<\/p>\n<p>s\u00e1bado, 5 de outubro<\/p>\n<p>&nbsp;<\/p>\n<p>[\/et_pb_text][\/et_pb_column][\/et_pb_row][et_pb_row column_structure=&#8221;1_2,1_2&#8243; admin_label=&#8221;Package&#8221; _builder_version=&#8221;4.16&#8243; background_size=&#8221;initial&#8221; background_position=&#8221;top_left&#8221; background_repeat=&#8221;repeat&#8221; global_colors_info=&#8221;{}&#8221;][et_pb_column type=&#8221;1_2&#8243; _builder_version=&#8221;4.16&#8243; custom_padding=&#8221;|||&#8221; global_colors_info=&#8221;{}&#8221; custom_padding__hover=&#8221;|||&#8221;][et_pb_image src=&#8221;https:\/\/vagaluna.it\/wp-content\/uploads\/2023\/01\/As-aventuras-do-pequeno-Colombo_2.png&#8221; title_text=&#8221;As-aventuras-do-pequeno-Colombo_2&#8243; align_tablet=&#8221;center&#8221; align_phone=&#8221;center&#8221; align_last_edited=&#8221;on|desktop&#8221; admin_label=&#8221;Package Image&#8221; _builder_version=&#8221;4.19.5&#8243; animation_style=&#8221;fold&#8221; animation_direction=&#8221;right&#8221; animation_intensity_fold=&#8221;20%&#8221; global_colors_info=&#8221;{}&#8221;][\/et_pb_image][\/et_pb_column][et_pb_column type=&#8221;1_2&#8243; _builder_version=&#8221;4.16&#8243; custom_padding=&#8221;|||&#8221; global_colors_info=&#8221;{}&#8221; custom_padding__hover=&#8221;|||&#8221;][et_pb_text admin_label=&#8221;Description&#8221; _builder_version=&#8221;4.19.5&#8243; text_font=&#8221;Roboto||||&#8221; text_font_size=&#8221;16px&#8221; text_line_height=&#8221;1.8em&#8221; background_size=&#8221;initial&#8221; background_position=&#8221;top_left&#8221; background_repeat=&#8221;repeat&#8221; animation_style=&#8221;zoom&#8221; animation_direction=&#8221;left&#8221; animation_delay=&#8221;100ms&#8221; animation_intensity_zoom=&#8221;10%&#8221; global_colors_info=&#8221;{}&#8221;]<\/p>\n<p><strong>h 10.30<\/strong> <u>As aventuras do pequeno Colombo <\/u>(Brasil 2015, 88&#8242;) dire\u00e7\u00e3o de Rodrigo Gava. Longa-metragem de anima\u00e7\u00e3o ambientado na It\u00e1lia em 1463, onde tr\u00eas crian\u00e7as, Cris, Leo e Lisa descobrem os mist\u00e9rios da popula\u00e7\u00e3o do Atl\u00e2ntico e se deparam com sua fera mais feroz, o tem\u00edvel Nautilus. Esta criatura destr\u00f3i todos os navios europeus que tentam cruzar o Oceano Atl\u00e2ntico. Eles encontrar\u00e3o uma maneira de derrot\u00e1-lo, o que possibilitar\u00e1 a Cris encontrar seu caminho para a Am\u00e9rica no futuro. Esses caras mais tarde ser\u00e3o conhecidos no mundo como Crist\u00f3v\u00e3o Colombo, Leonardo Da Vinci e Monalisa. Filme em l\u00edngua original com narrador em italiano de Cristina Palermo.<\/p>\n<p>[\/et_pb_text][\/et_pb_column][\/et_pb_row][et_pb_row column_structure=&#8221;1_2,1_2&#8243; admin_label=&#8221;Package&#8221; _builder_version=&#8221;4.16&#8243; background_size=&#8221;initial&#8221; background_position=&#8221;top_left&#8221; background_repeat=&#8221;repeat&#8221; global_colors_info=&#8221;{}&#8221;][et_pb_column type=&#8221;1_2&#8243; _builder_version=&#8221;4.16&#8243; custom_padding=&#8221;|||&#8221; global_colors_info=&#8221;{}&#8221; custom_padding__hover=&#8221;|||&#8221;][et_pb_image src=&#8221;https:\/\/vagaluna.it\/wp-content\/uploads\/2023\/01\/Schermata-2019-06-07-alle-21.35.56-1024&#215;614-1.png&#8221; title_text=&#8221;Schermata-2019-06-07-alle-21.35.56-1024&#215;614&#8243; align_tablet=&#8221;center&#8221; align_phone=&#8221;center&#8221; align_last_edited=&#8221;on|desktop&#8221; admin_label=&#8221;Package Image&#8221; _builder_version=&#8221;4.19.5&#8243; animation_style=&#8221;fold&#8221; animation_direction=&#8221;right&#8221; animation_intensity_fold=&#8221;20%&#8221; global_colors_info=&#8221;{}&#8221;][\/et_pb_image][\/et_pb_column][et_pb_column type=&#8221;1_2&#8243; _builder_version=&#8221;4.16&#8243; custom_padding=&#8221;|||&#8221; global_colors_info=&#8221;{}&#8221; custom_padding__hover=&#8221;|||&#8221;][et_pb_text admin_label=&#8221;Description&#8221; _builder_version=&#8221;4.19.5&#8243; text_font=&#8221;Roboto||||&#8221; text_font_size=&#8221;16px&#8221; text_line_height=&#8221;1.8em&#8221; background_size=&#8221;initial&#8221; background_position=&#8221;top_left&#8221; background_repeat=&#8221;repeat&#8221; animation_style=&#8221;zoom&#8221; animation_direction=&#8221;left&#8221; animation_delay=&#8221;100ms&#8221; animation_intensity_zoom=&#8221;10%&#8221; global_colors_info=&#8221;{}&#8221;]<\/p>\n<p><strong>h 16.00<\/strong> <u>Alguma coisa assim<\/u> (Brasil\/Alemanha, 2017, 80&#8242;) dire\u00e7\u00e3o de Esmir Filho e Mariana Bastos. O filme conta a hist\u00f3ria de Caio e Mari, dois jovens cuja rela\u00e7\u00e3o vai al\u00e9m de qualquer defini\u00e7\u00e3o. A trama se estende por um per\u00edodo de 10 anos, em diferentes pontos no tempo em que seus desejos divergem e seu relacionamento \u00e9 tenso. Uma reflex\u00e3o sobre a sexualidade, os r\u00f3tulos e como o tempo marca e transforma os encontros. O filme foi desenvolvido a partir do curta-metragem de mesmo nome, premiado na 45\u00aa Semana da Cr\u00edtica do Festival de Cannes em 2006 e \u00e9 feito com os mesmos atores do curta-metragem. Com Caroline Abras, Andr\u00e9 Antunes, Clemens Schick, Juliane Elting. Pr\u00eamio do P\u00fablico Agenda Brasil Mil\u00e3o 2019.<\/p>\n<p>[\/et_pb_text][\/et_pb_column][\/et_pb_row][et_pb_row column_structure=&#8221;1_2,1_2&#8243; admin_label=&#8221;Package&#8221; _builder_version=&#8221;4.16&#8243; background_size=&#8221;initial&#8221; background_position=&#8221;top_left&#8221; background_repeat=&#8221;repeat&#8221; global_colors_info=&#8221;{}&#8221;][et_pb_column type=&#8221;1_2&#8243; _builder_version=&#8221;4.16&#8243; custom_padding=&#8221;|||&#8221; global_colors_info=&#8221;{}&#8221; custom_padding__hover=&#8221;|||&#8221;][et_pb_image src=&#8221;https:\/\/vagaluna.it\/wp-content\/uploads\/2023\/01\/Schermata-2019-06-07-alle-21.21.12.png&#8221; title_text=&#8221;Schermata-2019-06-07-alle-21.21.12&#8243; align_tablet=&#8221;center&#8221; align_phone=&#8221;center&#8221; align_last_edited=&#8221;on|desktop&#8221; admin_label=&#8221;Package Image&#8221; _builder_version=&#8221;4.19.5&#8243; animation_style=&#8221;fold&#8221; animation_direction=&#8221;right&#8221; animation_intensity_fold=&#8221;20%&#8221; global_colors_info=&#8221;{}&#8221;][\/et_pb_image][\/et_pb_column][et_pb_column type=&#8221;1_2&#8243; _builder_version=&#8221;4.16&#8243; custom_padding=&#8221;|||&#8221; global_colors_info=&#8221;{}&#8221; custom_padding__hover=&#8221;|||&#8221;][et_pb_text admin_label=&#8221;Description&#8221; _builder_version=&#8221;4.19.5&#8243; text_font=&#8221;Roboto||||&#8221; text_font_size=&#8221;16px&#8221; text_line_height=&#8221;1.8em&#8221; background_size=&#8221;initial&#8221; background_position=&#8221;top_left&#8221; background_repeat=&#8221;repeat&#8221; animation_style=&#8221;zoom&#8221; animation_direction=&#8221;left&#8221; animation_delay=&#8221;100ms&#8221; animation_intensity_zoom=&#8221;10%&#8221; global_colors_info=&#8221;{}&#8221;]<\/p>\n<p><strong>h 18.00<\/strong> <u>Bei\u00e7o de estrada<\/u> (Brasil, 2018, 105&#8242;) dire\u00e7\u00e3o de Eli\u00e8zer Rolim. No Nordeste r\u00fastico, \u00e1rido e selvagem do Brasil, Madame Lili \u00e9 dona de um antigo bordel, Bei\u00e7o de Estrada, onde teve suas tr\u00eas filhas prostitu\u00eddas. Agora \u00e9 av\u00f3 de dois netos e para eles ambiciona uma vida diferente e melhor que a das m\u00e3es mas a chegada de um antigo frequentador vai iniciar um novo ciclo para o Bei\u00e7o de Estrada. Com Darlene Gl\u00f3ria, Jackson Antunes, Mayana Neiva, Luana Valentim, Rique Messias. Multipremiado no Festival de Cinema de Aruanda-Jo\u00e3o Pessoa.<\/p>\n<p>[\/et_pb_text][\/et_pb_column][\/et_pb_row][et_pb_row column_structure=&#8221;1_2,1_2&#8243; admin_label=&#8221;Package&#8221; _builder_version=&#8221;4.16&#8243; background_size=&#8221;initial&#8221; background_position=&#8221;top_left&#8221; background_repeat=&#8221;repeat&#8221; global_colors_info=&#8221;{}&#8221;][et_pb_column type=&#8221;1_2&#8243; _builder_version=&#8221;4.16&#8243; custom_padding=&#8221;|||&#8221; global_colors_info=&#8221;{}&#8221; custom_padding__hover=&#8221;|||&#8221;][et_pb_image src=&#8221;https:\/\/vagaluna.it\/wp-content\/uploads\/2023\/01\/Schermata-2019-09-18-alle-15.52.35-1024&#215;656-1.png&#8221; title_text=&#8221;Schermata-2019-09-18-alle-15.52.35-1024&#215;656&#8243; align_tablet=&#8221;center&#8221; align_phone=&#8221;center&#8221; align_last_edited=&#8221;on|desktop&#8221; admin_label=&#8221;Package Image&#8221; _builder_version=&#8221;4.19.5&#8243; animation_style=&#8221;fold&#8221; animation_direction=&#8221;right&#8221; animation_intensity_fold=&#8221;20%&#8221; global_colors_info=&#8221;{}&#8221;][\/et_pb_image][\/et_pb_column][et_pb_column type=&#8221;1_2&#8243; _builder_version=&#8221;4.16&#8243; custom_padding=&#8221;|||&#8221; global_colors_info=&#8221;{}&#8221; custom_padding__hover=&#8221;|||&#8221;][et_pb_text admin_label=&#8221;Description&#8221; _builder_version=&#8221;4.19.5&#8243; text_font=&#8221;Roboto||||&#8221; text_font_size=&#8221;16px&#8221; text_line_height=&#8221;1.8em&#8221; background_size=&#8221;initial&#8221; background_position=&#8221;top_left&#8221; background_repeat=&#8221;repeat&#8221; animation_style=&#8221;zoom&#8221; animation_direction=&#8221;left&#8221; animation_delay=&#8221;100ms&#8221; animation_intensity_zoom=&#8221;10%&#8221; global_colors_info=&#8221;{}&#8221;]<\/p>\n<p><strong>h 20.30 <\/strong><u>Comboio de sal e a\u00e7\u00facar<\/u> (Portugal\/Mo\u00e7ambique\/Brasil, 2016, 93&#8242;) realiza\u00e7\u00e3o de Lic\u00ednio Azevedo. Mo\u00e7ambique 1988, em plena guerra civil. Uma multid\u00e3o aguarda a partida do trem, protegida pelo ex\u00e9rcito. O filme do cineasta e escritor brasileiro, mo\u00e7ambicano por ado\u00e7\u00e3o, come\u00e7a como um faroeste de Sergio Leone para contar a jornada de esperan\u00e7a de civis rumo ao interior do pa\u00eds. Entre ataques inimigos, sabotagens e viol\u00eancias por parte dos pr\u00f3prios soldados da escolta, ser\u00e3o as mulheres a mostrar grande coragem. Com Matamba Joaquim, Melanie Rafael, Tiago Justino, Ant\u00f3nio Nipita. Premiado nos Festivais de Cinema de Locarno, Cairo e Joanesburgo.<strong><br \/>Diretor est\u00e1 presente.<\/strong><\/p>\n<p>[\/et_pb_text][\/et_pb_column][\/et_pb_row][et_pb_row admin_label=&#8221;Package&#8221; _builder_version=&#8221;4.19.5&#8243; background_size=&#8221;initial&#8221; background_position=&#8221;top_left&#8221; background_repeat=&#8221;repeat&#8221; global_colors_info=&#8221;{}&#8221;][et_pb_column type=&#8221;4_4&#8243; _builder_version=&#8221;4.16&#8243; custom_padding=&#8221;|||&#8221; global_colors_info=&#8221;{}&#8221; custom_padding__hover=&#8221;|||&#8221;][et_pb_text admin_label=&#8221;Package Title&#8221; _builder_version=&#8221;4.19.5&#8243; text_font=&#8221;Oswald||||&#8221; text_text_color=&#8221;#6b0008&#8243; text_font_size=&#8221;24px&#8221; background_size=&#8221;initial&#8221; background_position=&#8221;top_left&#8221; background_repeat=&#8221;repeat&#8221; animation_style=&#8221;zoom&#8221; animation_direction=&#8221;left&#8221; animation_intensity_zoom=&#8221;10%&#8221; global_colors_info=&#8221;{}&#8221;]<\/p>\n<p>domingo, 6 de outubro<\/p>\n<p>[\/et_pb_text][\/et_pb_column][\/et_pb_row][et_pb_row column_structure=&#8221;1_2,1_2&#8243; admin_label=&#8221;Package&#8221; _builder_version=&#8221;4.16&#8243; background_size=&#8221;initial&#8221; background_position=&#8221;top_left&#8221; background_repeat=&#8221;repeat&#8221; global_colors_info=&#8221;{}&#8221;][et_pb_column type=&#8221;1_2&#8243; _builder_version=&#8221;4.16&#8243; custom_padding=&#8221;|||&#8221; global_colors_info=&#8221;{}&#8221; custom_padding__hover=&#8221;|||&#8221;][et_pb_image src=&#8221;https:\/\/vagaluna.it\/wp-content\/uploads\/2023\/01\/Schermata-2019-06-07-alle-17.05.18.png&#8221; title_text=&#8221;Schermata-2019-06-07-alle-17.05.18&#8243; align_tablet=&#8221;center&#8221; align_phone=&#8221;center&#8221; align_last_edited=&#8221;on|desktop&#8221; admin_label=&#8221;Package Image&#8221; _builder_version=&#8221;4.19.5&#8243; animation_style=&#8221;fold&#8221; animation_direction=&#8221;right&#8221; animation_intensity_fold=&#8221;20%&#8221; global_colors_info=&#8221;{}&#8221;][\/et_pb_image][\/et_pb_column][et_pb_column type=&#8221;1_2&#8243; _builder_version=&#8221;4.16&#8243; custom_padding=&#8221;|||&#8221; global_colors_info=&#8221;{}&#8221; custom_padding__hover=&#8221;|||&#8221;][et_pb_text admin_label=&#8221;Description&#8221; _builder_version=&#8221;4.19.5&#8243; text_font=&#8221;Roboto||||&#8221; text_font_size=&#8221;16px&#8221; text_line_height=&#8221;1.8em&#8221; background_size=&#8221;initial&#8221; background_position=&#8221;top_left&#8221; background_repeat=&#8221;repeat&#8221; animation_style=&#8221;zoom&#8221; animation_direction=&#8221;left&#8221; animation_delay=&#8221;100ms&#8221; animation_intensity_zoom=&#8221;10%&#8221; global_colors_info=&#8221;{}&#8221;]<\/p>\n<p><strong>h 16.00 <\/strong><u>Ayahuasca, expans\u00e3o da consci\u00eancia<\/u> (Brasil, 2018, 73&#8242;), dire\u00e7\u00e3o de Fausto Noro. A pol\u00eamica bebida &#8216;Ayahuasca&#8217;, contada atrav\u00e9s da experi\u00eancia pessoal do diretor. O document\u00e1rio traz uma vis\u00e3o cient\u00edfica, espiritual e antropol\u00f3gica do uso da ayahuasca, desde sua origem na floresta amaz\u00f4nica at\u00e9 sua chegada aos grandes centros urbanos.<br \/><strong>Andr\u00e9 Besen, diretor de fotografia, esteve presente.<\/strong><\/p>\n<p>[\/et_pb_text][\/et_pb_column][\/et_pb_row][et_pb_row column_structure=&#8221;1_2,1_2&#8243; admin_label=&#8221;Package&#8221; _builder_version=&#8221;4.16&#8243; background_size=&#8221;initial&#8221; background_position=&#8221;top_left&#8221; background_repeat=&#8221;repeat&#8221; global_colors_info=&#8221;{}&#8221;][et_pb_column type=&#8221;1_2&#8243; _builder_version=&#8221;4.16&#8243; custom_padding=&#8221;|||&#8221; global_colors_info=&#8221;{}&#8221; custom_padding__hover=&#8221;|||&#8221;][et_pb_image src=&#8221;https:\/\/vagaluna.it\/wp-content\/uploads\/2023\/01\/a-guerra-de-beatriz_2-1024&#215;683-1.jpg&#8221; title_text=&#8221;a-guerra-de-beatriz_2-1024&#215;683&#8243; align_tablet=&#8221;center&#8221; align_phone=&#8221;center&#8221; align_last_edited=&#8221;on|desktop&#8221; admin_label=&#8221;Package Image&#8221; _builder_version=&#8221;4.19.5&#8243; animation_style=&#8221;fold&#8221; animation_direction=&#8221;right&#8221; animation_intensity_fold=&#8221;20%&#8221; global_colors_info=&#8221;{}&#8221;][\/et_pb_image][\/et_pb_column][et_pb_column type=&#8221;1_2&#8243; _builder_version=&#8221;4.16&#8243; custom_padding=&#8221;|||&#8221; global_colors_info=&#8221;{}&#8221; custom_padding__hover=&#8221;|||&#8221;][et_pb_text admin_label=&#8221;Description&#8221; _builder_version=&#8221;4.19.5&#8243; text_font=&#8221;Roboto||||&#8221; text_font_size=&#8221;16px&#8221; text_line_height=&#8221;1.8em&#8221; background_size=&#8221;initial&#8221; background_position=&#8221;top_left&#8221; background_repeat=&#8221;repeat&#8221; animation_style=&#8221;zoom&#8221; animation_direction=&#8221;left&#8221; animation_delay=&#8221;100ms&#8221; animation_intensity_zoom=&#8221;10%&#8221; global_colors_info=&#8221;{}&#8221;]<\/p>\n<p><strong>h 18.00 <\/strong><u>A Guerra da Beatriz<\/u> (Timor Leste \/ Austr\u00e1lia, 2013, 100\u2032) dire\u00e7\u00e3o de Luigi Acquisto e Bety Reis. Nella ex colonia portoghese di Timor, Beatriz e Tom\u00e1s crescono insieme e si sposano durante l\u2019invasione dell\u2019esercito indonesiano del 1975. O rapaz \u00e9 capturado durante a brutal repress\u00e3o da resist\u00eancia e Beatriz, apesar do ass\u00e9dio dos militares, n\u00e3o desiste nem do amor por Tom\u00e1s nem pelo seu pa\u00eds. Falado em t\u00e9tum, o primeiro filme timorense transporta o espectador para uma dimens\u00e3o hist\u00f3rica e c\u00e9nica sem precedentes. Com Irim Tolentino (tamb\u00e9m co-argumentista), Jos\u00e9 da Costa e Augusta Soares. Premiado no 44\u00ba Festival Internacional de Cinema da \u00cdndia em Goa e com o Australian Cinematography Award 2013.<strong><br \/>Diretor Luigi Acquisto est\u00e1 presente.<\/strong><\/p>\n<p>[\/et_pb_text][\/et_pb_column][\/et_pb_row][et_pb_row column_structure=&#8221;1_2,1_2&#8243; admin_label=&#8221;Package&#8221; _builder_version=&#8221;4.16&#8243; background_size=&#8221;initial&#8221; background_position=&#8221;top_left&#8221; background_repeat=&#8221;repeat&#8221; global_colors_info=&#8221;{}&#8221;][et_pb_column type=&#8221;1_2&#8243; _builder_version=&#8221;4.16&#8243; custom_padding=&#8221;|||&#8221; global_colors_info=&#8221;{}&#8221; custom_padding__hover=&#8221;|||&#8221;][et_pb_image src=&#8221;https:\/\/vagaluna.it\/wp-content\/uploads\/2023\/01\/nise-o-coracao-da-loucura_1-1024&#215;681-1.jpg&#8221; title_text=&#8221;nise-o-cora\u00e7\u00e3o-da-loucura_1-1024&#215;681&#8243; align_tablet=&#8221;center&#8221; align_phone=&#8221;center&#8221; align_last_edited=&#8221;on|desktop&#8221; admin_label=&#8221;Package Image&#8221; _builder_version=&#8221;4.19.5&#8243; animation_style=&#8221;fold&#8221; animation_direction=&#8221;right&#8221; animation_intensity_fold=&#8221;20%&#8221; global_colors_info=&#8221;{}&#8221;][\/et_pb_image][\/et_pb_column][et_pb_column type=&#8221;1_2&#8243; _builder_version=&#8221;4.16&#8243; custom_padding=&#8221;|||&#8221; global_colors_info=&#8221;{}&#8221; custom_padding__hover=&#8221;|||&#8221;][et_pb_text admin_label=&#8221;Description&#8221; _builder_version=&#8221;4.19.5&#8243; text_font=&#8221;Roboto||||&#8221; text_font_size=&#8221;16px&#8221; text_line_height=&#8221;1.8em&#8221; background_size=&#8221;initial&#8221; background_position=&#8221;top_left&#8221; background_repeat=&#8221;repeat&#8221; animation_style=&#8221;zoom&#8221; animation_direction=&#8221;left&#8221; animation_delay=&#8221;100ms&#8221; animation_intensity_zoom=&#8221;10%&#8221; global_colors_info=&#8221;{}&#8221;]<\/p>\n<p><strong>h 20.30 <\/strong><u>Nise, o cora\u00e7\u00e3o da loucura (Brasile, 2016, 108\u2019)<\/u> Dire\u00e7\u00e3o de Roberto Berliner, o.v. sub. isto. Int.: Gl\u00f3ria Pires, Simone Mazzer, Julio Adri\u00e3o, Flavio Bauraqui, Augusto Madeira. No Rio de Janeiro da d\u00e9cada de 1940, a Dra. Nise da Silveira, que trabalha em um hospital psiqui\u00e1trico, prop\u00f5e um novo tratamento para pacientes com esquizofrenia, abolindo o eletrochoque e a lobotomia. Seus colegas a atrapalham e a isolam na \u00e1rea de Terapia Ocupacional h\u00e1 muito abandonada. Aqui inicia uma nova abordagem terap\u00eautica ligada ao amor e \u00e0 arte.<br \/>Pr\u00eamio de Melhor Filme na s\u00e9tima edi\u00e7\u00e3o do Cine Fest Brasil; J\u00fari de Melhor Filme Popular do Festival do Rio, 2015; Melhor Filme e Melhor Atriz no Tokyo Film Festival, 2015.<\/p>\n<p>[\/et_pb_text][\/et_pb_column][\/et_pb_row][et_pb_row admin_label=&#8221;Package&#8221; _builder_version=&#8221;4.16&#8243; background_size=&#8221;initial&#8221; background_position=&#8221;top_left&#8221; background_repeat=&#8221;repeat&#8221; global_colors_info=&#8221;{}&#8221;][et_pb_column type=&#8221;4_4&#8243; _builder_version=&#8221;4.16&#8243; custom_padding=&#8221;|||&#8221; global_colors_info=&#8221;{}&#8221; custom_padding__hover=&#8221;|||&#8221;][et_pb_divider color=&#8221;#6b0008&#8243; divider_position=&#8221;center&#8221; divider_weight=&#8221;3px&#8221; disabled_on=&#8221;off|off|off&#8221; _builder_version=&#8221;4.19.4&#8243; max_width=&#8221;300px&#8221; module_alignment=&#8221;left&#8221; height=&#8221;false&#8221; custom_margin=&#8221;30px|||&#8221; animation_style=&#8221;slide&#8221; animation_direction=&#8221;top&#8221; animation_delay=&#8221;100ms&#8221; animation_intensity_slide=&#8221;10%&#8221; locked=&#8221;off&#8221; global_colors_info=&#8221;{}&#8221;][\/et_pb_divider][et_pb_text admin_label=&#8221;Description&#8221; _builder_version=&#8221;4.19.5&#8243; text_font=&#8221;Roboto||||&#8221; text_font_size=&#8221;16px&#8221; text_line_height=&#8221;1.8em&#8221; background_size=&#8221;initial&#8221; background_position=&#8221;top_left&#8221; background_repeat=&#8221;repeat&#8221; animation_style=&#8221;zoom&#8221; animation_direction=&#8221;left&#8221; animation_delay=&#8221;100ms&#8221; animation_intensity_zoom=&#8221;10%&#8221; global_colors_info=&#8221;{}&#8221;]<\/p>\n<p><strong>Agenda Brasil<\/strong> \u00e9 um festival produzido pela Christoffel Promo\u00e7\u00f5es e Produ\u00e7\u00f5es e organizado pela Associa\u00e7\u00e3o Cultural Vagaluna em parceria com o Museu do Cinema, a Associa\u00e7\u00e3o Casa Brasil e a Associa\u00e7\u00e3o \u00cdtalo-Portuguesa Tuc\u00e1tul\u00e1. Com a contribui\u00e7\u00e3o do BRDE, FSA, ANCINE e do Consulado-Geral do Brasil em Mil\u00e3o e com o patroc\u00ednio da Embaixada do Brasil em Roma.<\/p>\n<p>Dire\u00e7\u00e3o: Regina Nadaes Marques<br \/>Brasil Staff: Vita Christoffel, Cristiana Giustino, Leandro Salom\u00e3o<br \/>Funcion\u00e1rios da It\u00e1lia: F. Ambrosini, M. Baraldi, P.H. Correia, T. De Campos, F. Delloro I. F. Mendes, M. Fonseca, D. Morelli, M. Palazzini, M. Weirick<br \/>Estagi\u00e1rios e volunt\u00e1rios: Gabriela Aquila, Beatriz Borges, Karla C. Giammarino, Giulia Calosso, Eugenia Greco, Vanda Francisco, Vera Francisco<br \/>Assessoria de Imprensa: Emiliano Fasano, Jazmin Kuan Veng<br \/>Escrit\u00f3rio T\u00e9cnico: Fabrizio Fini<br \/>Projeto gr\u00e1fico: Andrei Aguiar<br \/>Tradu\u00e7\u00f5es e legendas de filmes: Francesco Ambrosini, Gian Luigi De Rosa, Federica Dell&#8217;Oro, Forword, Unisalento-Summer school of audiovisual translation (Marzia Buttazzo, Alessia Fiorentino, Caterina Varasano, supervisionado por G. L. De Rosa)<br \/>Declamadora do filme &#8216;As aventuras do pequeno Colombo&#8217;: Cristina Palermo<br \/>Teaser: Edi\u00e7\u00e3o: Fabrizio Fini. M\u00fasica: Rinaldo Donati e Fernando Barreto<br \/>Fot\u00f3grafo: Enrico Carnuccio<\/p>\n<p>[\/et_pb_text][et_pb_image src=&#8221;https:\/\/vagaluna.it\/wp-content\/uploads\/2023\/01\/AgendaBR-Torino-logos_int-HD-1.jpg&#8221; title_text=&#8221;AgendaBR-Torino-logos_int-HD-1&#8243; align_tablet=&#8221;center&#8221; align_phone=&#8221;center&#8221; align_last_edited=&#8221;on|desktop&#8221; admin_label=&#8221;Package Image&#8221; _builder_version=&#8221;4.19.5&#8243; animation_style=&#8221;fold&#8221; animation_direction=&#8221;right&#8221; animation_intensity_fold=&#8221;20%&#8221; global_colors_info=&#8221;{}&#8221;][\/et_pb_image][et_pb_image src=&#8221;https:\/\/vagaluna.it\/wp-content\/uploads\/2023\/01\/AgendaBR-Torino-logos_com-HD.jpg&#8221; title_text=&#8221;AgendaBR-Torino-logos_com-HD&#8221; align_tablet=&#8221;center&#8221; align_phone=&#8221;center&#8221; align_last_edited=&#8221;on|desktop&#8221; admin_label=&#8221;Package Image&#8221; _builder_version=&#8221;4.19.5&#8243; animation_style=&#8221;fold&#8221; animation_direction=&#8221;right&#8221; animation_intensity_fold=&#8221;20%&#8221; global_colors_info=&#8221;{}&#8221;][\/et_pb_image][\/et_pb_column][\/et_pb_row][\/et_pb_section][et_pb_section fb_built=&#8221;1&#8243; admin_label=&#8221;Promo Section&#8221; _builder_version=&#8221;4.19.4&#8243; background_color=&#8221;rgba(0,0,0,0.5)&#8221; background_image=&#8221;https:\/\/vagaluna.it\/wp-content\/uploads\/2023\/01\/newsletter-vagaluna-1.jpg&#8221; background_blend=&#8221;color&#8221; custom_padding=&#8221;120px||120px|&#8221; saved_tabs=&#8221;all&#8221; global_colors_info=&#8221;{}&#8221; global_module=&#8221;2867&#8243; theme_builder_area=&#8221;post_content&#8221;][et_pb_row _builder_version=&#8221;4.22.1&#8243; background_size=&#8221;initial&#8221; background_position=&#8221;top_left&#8221; background_repeat=&#8221;repeat&#8221; custom_margin=&#8221;|||&#8221; global_colors_info=&#8221;{}&#8221; theme_builder_area=&#8221;post_content&#8221;][et_pb_column type=&#8221;4_4&#8243; _builder_version=&#8221;4.16&#8243; custom_padding=&#8221;|||&#8221; global_colors_info=&#8221;{}&#8221; custom_padding__hover=&#8221;|||&#8221; theme_builder_area=&#8221;post_content&#8221;][et_pb_text admin_label=&#8221;CTA Section Subtitle&#8221; _builder_version=&#8221;4.22.1&#8243; text_font=&#8221;Roboto|on||on|&#8221; text_font_size=&#8221;24px&#8221; text_letter_spacing=&#8221;4px&#8221; background_size=&#8221;initial&#8221; background_position=&#8221;top_left&#8221; background_repeat=&#8221;repeat&#8221; background_layout=&#8221;dark&#8221; module_alignment=&#8221;center&#8221; animation_direction=&#8221;left&#8221; global_colors_info=&#8221;{}&#8221; theme_builder_area=&#8221;post_content&#8221;]<\/p>\n<p>Newsletter<\/p>\n<p>[\/et_pb_text][et_pb_divider color=&#8221;#ffffff&#8221; divider_position=&#8221;center&#8221; divider_weight=&#8221;3px&#8221; disabled_on=&#8221;on|on|off%22%22&#8243; _builder_version=&#8221;4.16&#8243; max_width=&#8221;150px&#8221; module_alignment=&#8221;left&#8221; height=&#8221;false&#8221; animation_style=&#8221;zoom&#8221; animation_direction=&#8221;left&#8221; animation_delay=&#8221;200ms&#8221; animation_intensity_zoom=&#8221;20%&#8221; locked=&#8221;off&#8221; global_colors_info=&#8221;{}&#8221; theme_builder_area=&#8221;post_content&#8221;][\/et_pb_divider][et_pb_button button_url=&#8221;@ET-DC@eyJkeW5hbWljIjp0cnVlLCJjb250ZW50IjoicG9zdF9saW5rX3VybF9wYWdlIiwic2V0dGluZ3MiOnsicG9zdF9pZCI6IjI4MjMifX0=@&#8221; button_text=&#8221;subscrever a newsletter&#8221; button_alignment=&#8221;left&#8221; admin_label=&#8221;Gallery Button&#8221; _builder_version=&#8221;4.22.1&#8243; _dynamic_attributes=&#8221;button_url&#8221; button_icon=&#8221;&#x24;||divi||400&#8243; button_icon_color=&#8221;#1a1a1a&#8221; background_layout=&#8221;dark&#8221; button_border_color_hover=&#8221;#1a1a1a&#8221; button_border_radius_hover=&#8221;0px&#8221; button_letter_spacing_hover=&#8221;4px&#8221; button_bg_color_hover=&#8221;rgba(0,0,0,0)&#8221; global_colors_info=&#8221;{}&#8221; button_text_size__hover_enabled=&#8221;off&#8221; button_one_text_size__hover_enabled=&#8221;off&#8221; button_two_text_size__hover_enabled=&#8221;off&#8221; button_text_color__hover_enabled=&#8221;off&#8221; button_one_text_color__hover_enabled=&#8221;off&#8221; button_two_text_color__hover_enabled=&#8221;off&#8221; button_border_width__hover_enabled=&#8221;off&#8221; button_one_border_width__hover_enabled=&#8221;off&#8221; button_two_border_width__hover_enabled=&#8221;off&#8221; button_border_color__hover_enabled=&#8221;on&#8221; button_border_color__hover=&#8221;#1a1a1a&#8221; button_one_border_color__hover_enabled=&#8221;off&#8221; button_two_border_color__hover_enabled=&#8221;off&#8221; button_border_radius__hover_enabled=&#8221;on&#8221; button_border_radius__hover=&#8221;0px&#8221; button_one_border_radius__hover_enabled=&#8221;off&#8221; button_two_border_radius__hover_enabled=&#8221;off&#8221; button_letter_spacing__hover_enabled=&#8221;on&#8221; button_letter_spacing__hover=&#8221;4px&#8221; button_one_letter_spacing__hover_enabled=&#8221;off&#8221; button_two_letter_spacing__hover_enabled=&#8221;off&#8221; button_bg_color__hover_enabled=&#8221;on&#8221; button_bg_color__hover=&#8221;rgba(0,0,0,0)&#8221; button_one_bg_color__hover_enabled=&#8221;off&#8221; button_two_bg_color__hover_enabled=&#8221;off&#8221; theme_builder_area=&#8221;post_content&#8221;][\/et_pb_button][\/et_pb_column][\/et_pb_row][\/et_pb_section]<\/p>\n","protected":false},"excerpt":{"rendered":"<p>Agenda Brasil Turim 2019Agenda Brasil \u2013 Turim retorna ao Cinema Massimo para sua segunda edi\u00e7\u00e3o, com os elementos que caracterizaram o evento desde o in\u00edcio.O n\u00facleo da programa\u00e7\u00e3o de 2019 ser\u00e1 constitu\u00eddo pelos filmes apresentados na edi\u00e7\u00e3o de julho do Festival de Mil\u00e3o. Em Turim, al\u00e9m da preciosa colabora\u00e7\u00e3o do Museu do Cinema, h\u00e1 a [&hellip;]<\/p>\n","protected":false},"author":1,"featured_media":915,"comment_status":"closed","ping_status":"open","sticky":false,"template":"","format":"standard","meta":{"_et_pb_use_builder":"on","_et_pb_old_content":"","_et_gb_content_width":"","footnotes":""},"categories":[33],"tags":[37],"class_list":["post-613","post","type-post","status-publish","format-standard","has-post-thumbnail","hentry","category-agenda-brasil-turim","tag-ok-pt-br"],"yoast_head":"<!-- This site is optimized with the Yoast SEO plugin v26.9 - https:\/\/yoast.com\/product\/yoast-seo-wordpress\/ -->\n<title>Agenda Brasil Turim 2019 - Vagaluna<\/title>\n<meta name=\"robots\" content=\"index, follow, max-snippet:-1, max-image-preview:large, max-video-preview:-1\" \/>\n<link rel=\"canonical\" href=\"https:\/\/vagaluna.it\/pt-br\/agenda-brasil-pt-br\/agenda-brasil-turim\/agenda-brasil-turim-2019\/\" \/>\n<meta property=\"og:locale\" content=\"pt_BR\" \/>\n<meta property=\"og:type\" content=\"article\" \/>\n<meta property=\"og:title\" content=\"Agenda Brasil Turim 2019 - Vagaluna\" \/>\n<meta property=\"og:description\" content=\"Agenda Brasil Turim 2019Agenda Brasil \u2013 Turim retorna ao Cinema Massimo para sua segunda edi\u00e7\u00e3o, com os elementos que caracterizaram o evento desde o in\u00edcio.O n\u00facleo da programa\u00e7\u00e3o de 2019 ser\u00e1 constitu\u00eddo pelos filmes apresentados na edi\u00e7\u00e3o de julho do Festival de Mil\u00e3o. Em Turim, al\u00e9m da preciosa colabora\u00e7\u00e3o do Museu do Cinema, h\u00e1 a [&hellip;]\" \/>\n<meta property=\"og:url\" content=\"https:\/\/vagaluna.it\/pt-br\/agenda-brasil-pt-br\/agenda-brasil-turim\/agenda-brasil-turim-2019\/\" \/>\n<meta property=\"og:site_name\" content=\"Vagaluna\" \/>\n<meta property=\"article:published_time\" content=\"2019-02-04T15:17:43+00:00\" \/>\n<meta property=\"article:modified_time\" content=\"2024-01-05T15:53:34+00:00\" \/>\n<meta property=\"og:image\" content=\"https:\/\/vagaluna.it\/wp-content\/uploads\/2019\/02\/agenda_br2019-site_thumb-torino.jpg\" \/>\n\t<meta property=\"og:image:width\" content=\"800\" \/>\n\t<meta property=\"og:image:height\" content=\"500\" \/>\n\t<meta property=\"og:image:type\" content=\"image\/jpeg\" \/>\n<meta name=\"author\" content=\"Admin\" \/>\n<meta name=\"twitter:card\" content=\"summary_large_image\" \/>\n<meta name=\"twitter:label1\" content=\"Escrito por\" \/>\n\t<meta name=\"twitter:data1\" content=\"Admin\" \/>\n\t<meta name=\"twitter:label2\" content=\"Est. tempo de leitura\" \/>\n\t<meta name=\"twitter:data2\" content=\"12 minutos\" \/>\n<script type=\"application\/ld+json\" class=\"yoast-schema-graph\">{\"@context\":\"https:\/\/schema.org\",\"@graph\":[{\"@type\":\"Article\",\"@id\":\"https:\/\/vagaluna.it\/pt-br\/agenda-brasil-pt-br\/agenda-brasil-turim\/agenda-brasil-turim-2019\/#article\",\"isPartOf\":{\"@id\":\"https:\/\/vagaluna.it\/pt-br\/agenda-brasil-pt-br\/agenda-brasil-turim\/agenda-brasil-turim-2019\/\"},\"author\":{\"name\":\"Admin\",\"@id\":\"https:\/\/vagaluna.it\/pt-br\/#\/schema\/person\/66cd1b8afc7bf49d8d7fbcb7a67f0a47\"},\"headline\":\"Agenda Brasil Turim 2019\",\"datePublished\":\"2019-02-04T15:17:43+00:00\",\"dateModified\":\"2024-01-05T15:53:34+00:00\",\"mainEntityOfPage\":{\"@id\":\"https:\/\/vagaluna.it\/pt-br\/agenda-brasil-pt-br\/agenda-brasil-turim\/agenda-brasil-turim-2019\/\"},\"wordCount\":4567,\"publisher\":{\"@id\":\"https:\/\/vagaluna.it\/pt-br\/#organization\"},\"image\":{\"@id\":\"https:\/\/vagaluna.it\/pt-br\/agenda-brasil-pt-br\/agenda-brasil-turim\/agenda-brasil-turim-2019\/#primaryimage\"},\"thumbnailUrl\":\"https:\/\/vagaluna.it\/wp-content\/uploads\/2019\/02\/agenda_br2019-site_thumb-torino.jpg\",\"keywords\":[\"ok\"],\"articleSection\":[\"Agenda Brasil Turim\"],\"inLanguage\":\"pt-BR\"},{\"@type\":\"WebPage\",\"@id\":\"https:\/\/vagaluna.it\/pt-br\/agenda-brasil-pt-br\/agenda-brasil-turim\/agenda-brasil-turim-2019\/\",\"url\":\"https:\/\/vagaluna.it\/pt-br\/agenda-brasil-pt-br\/agenda-brasil-turim\/agenda-brasil-turim-2019\/\",\"name\":\"Agenda Brasil Turim 2019 - Vagaluna\",\"isPartOf\":{\"@id\":\"https:\/\/vagaluna.it\/pt-br\/#website\"},\"primaryImageOfPage\":{\"@id\":\"https:\/\/vagaluna.it\/pt-br\/agenda-brasil-pt-br\/agenda-brasil-turim\/agenda-brasil-turim-2019\/#primaryimage\"},\"image\":{\"@id\":\"https:\/\/vagaluna.it\/pt-br\/agenda-brasil-pt-br\/agenda-brasil-turim\/agenda-brasil-turim-2019\/#primaryimage\"},\"thumbnailUrl\":\"https:\/\/vagaluna.it\/wp-content\/uploads\/2019\/02\/agenda_br2019-site_thumb-torino.jpg\",\"datePublished\":\"2019-02-04T15:17:43+00:00\",\"dateModified\":\"2024-01-05T15:53:34+00:00\",\"breadcrumb\":{\"@id\":\"https:\/\/vagaluna.it\/pt-br\/agenda-brasil-pt-br\/agenda-brasil-turim\/agenda-brasil-turim-2019\/#breadcrumb\"},\"inLanguage\":\"pt-BR\",\"potentialAction\":[{\"@type\":\"ReadAction\",\"target\":[\"https:\/\/vagaluna.it\/pt-br\/agenda-brasil-pt-br\/agenda-brasil-turim\/agenda-brasil-turim-2019\/\"]}]},{\"@type\":\"ImageObject\",\"inLanguage\":\"pt-BR\",\"@id\":\"https:\/\/vagaluna.it\/pt-br\/agenda-brasil-pt-br\/agenda-brasil-turim\/agenda-brasil-turim-2019\/#primaryimage\",\"url\":\"https:\/\/vagaluna.it\/wp-content\/uploads\/2019\/02\/agenda_br2019-site_thumb-torino.jpg\",\"contentUrl\":\"https:\/\/vagaluna.it\/wp-content\/uploads\/2019\/02\/agenda_br2019-site_thumb-torino.jpg\",\"width\":800,\"height\":500},{\"@type\":\"BreadcrumbList\",\"@id\":\"https:\/\/vagaluna.it\/pt-br\/agenda-brasil-pt-br\/agenda-brasil-turim\/agenda-brasil-turim-2019\/#breadcrumb\",\"itemListElement\":[{\"@type\":\"ListItem\",\"position\":1,\"name\":\"Home\",\"item\":\"https:\/\/vagaluna.it\/pt-br\/home\/\"},{\"@type\":\"ListItem\",\"position\":2,\"name\":\"Agenda Brasil Turim 2019\"}]},{\"@type\":\"WebSite\",\"@id\":\"https:\/\/vagaluna.it\/pt-br\/#website\",\"url\":\"https:\/\/vagaluna.it\/pt-br\/\",\"name\":\"Vagaluna\",\"description\":\"Vagaluna\",\"publisher\":{\"@id\":\"https:\/\/vagaluna.it\/pt-br\/#organization\"},\"potentialAction\":[{\"@type\":\"SearchAction\",\"target\":{\"@type\":\"EntryPoint\",\"urlTemplate\":\"https:\/\/vagaluna.it\/pt-br\/?s={search_term_string}\"},\"query-input\":{\"@type\":\"PropertyValueSpecification\",\"valueRequired\":true,\"valueName\":\"search_term_string\"}}],\"inLanguage\":\"pt-BR\"},{\"@type\":\"Organization\",\"@id\":\"https:\/\/vagaluna.it\/pt-br\/#organization\",\"name\":\"Vagaluna\",\"url\":\"https:\/\/vagaluna.it\/pt-br\/\",\"logo\":{\"@type\":\"ImageObject\",\"inLanguage\":\"pt-BR\",\"@id\":\"https:\/\/vagaluna.it\/pt-br\/#\/schema\/logo\/image\/\",\"url\":\"https:\/\/vagaluna.it\/wp-content\/uploads\/2023\/01\/cropped-vagaluna_logo_trasparente-2-300x81-1.png\",\"contentUrl\":\"https:\/\/vagaluna.it\/wp-content\/uploads\/2023\/01\/cropped-vagaluna_logo_trasparente-2-300x81-1.png\",\"width\":300,\"height\":81,\"caption\":\"Vagaluna\"},\"image\":{\"@id\":\"https:\/\/vagaluna.it\/pt-br\/#\/schema\/logo\/image\/\"}},{\"@type\":\"Person\",\"@id\":\"https:\/\/vagaluna.it\/pt-br\/#\/schema\/person\/66cd1b8afc7bf49d8d7fbcb7a67f0a47\",\"name\":\"Admin\",\"sameAs\":[\"https:\/\/vagaluna.it\"],\"url\":\"https:\/\/vagaluna.it\/pt-br\/author\/admin\/\"}]}<\/script>\n<!-- \/ Yoast SEO plugin. -->","yoast_head_json":{"title":"Agenda Brasil Turim 2019 - Vagaluna","robots":{"index":"index","follow":"follow","max-snippet":"max-snippet:-1","max-image-preview":"max-image-preview:large","max-video-preview":"max-video-preview:-1"},"canonical":"https:\/\/vagaluna.it\/pt-br\/agenda-brasil-pt-br\/agenda-brasil-turim\/agenda-brasil-turim-2019\/","og_locale":"pt_BR","og_type":"article","og_title":"Agenda Brasil Turim 2019 - Vagaluna","og_description":"Agenda Brasil Turim 2019Agenda Brasil \u2013 Turim retorna ao Cinema Massimo para sua segunda edi\u00e7\u00e3o, com os elementos que caracterizaram o evento desde o in\u00edcio.O n\u00facleo da programa\u00e7\u00e3o de 2019 ser\u00e1 constitu\u00eddo pelos filmes apresentados na edi\u00e7\u00e3o de julho do Festival de Mil\u00e3o. Em Turim, al\u00e9m da preciosa colabora\u00e7\u00e3o do Museu do Cinema, h\u00e1 a [&hellip;]","og_url":"https:\/\/vagaluna.it\/pt-br\/agenda-brasil-pt-br\/agenda-brasil-turim\/agenda-brasil-turim-2019\/","og_site_name":"Vagaluna","article_published_time":"2019-02-04T15:17:43+00:00","article_modified_time":"2024-01-05T15:53:34+00:00","og_image":[{"width":800,"height":500,"url":"https:\/\/vagaluna.it\/wp-content\/uploads\/2019\/02\/agenda_br2019-site_thumb-torino.jpg","type":"image\/jpeg"}],"author":"Admin","twitter_card":"summary_large_image","twitter_misc":{"Escrito por":"Admin","Est. tempo de leitura":"12 minutos"},"schema":{"@context":"https:\/\/schema.org","@graph":[{"@type":"Article","@id":"https:\/\/vagaluna.it\/pt-br\/agenda-brasil-pt-br\/agenda-brasil-turim\/agenda-brasil-turim-2019\/#article","isPartOf":{"@id":"https:\/\/vagaluna.it\/pt-br\/agenda-brasil-pt-br\/agenda-brasil-turim\/agenda-brasil-turim-2019\/"},"author":{"name":"Admin","@id":"https:\/\/vagaluna.it\/pt-br\/#\/schema\/person\/66cd1b8afc7bf49d8d7fbcb7a67f0a47"},"headline":"Agenda Brasil Turim 2019","datePublished":"2019-02-04T15:17:43+00:00","dateModified":"2024-01-05T15:53:34+00:00","mainEntityOfPage":{"@id":"https:\/\/vagaluna.it\/pt-br\/agenda-brasil-pt-br\/agenda-brasil-turim\/agenda-brasil-turim-2019\/"},"wordCount":4567,"publisher":{"@id":"https:\/\/vagaluna.it\/pt-br\/#organization"},"image":{"@id":"https:\/\/vagaluna.it\/pt-br\/agenda-brasil-pt-br\/agenda-brasil-turim\/agenda-brasil-turim-2019\/#primaryimage"},"thumbnailUrl":"https:\/\/vagaluna.it\/wp-content\/uploads\/2019\/02\/agenda_br2019-site_thumb-torino.jpg","keywords":["ok"],"articleSection":["Agenda Brasil Turim"],"inLanguage":"pt-BR"},{"@type":"WebPage","@id":"https:\/\/vagaluna.it\/pt-br\/agenda-brasil-pt-br\/agenda-brasil-turim\/agenda-brasil-turim-2019\/","url":"https:\/\/vagaluna.it\/pt-br\/agenda-brasil-pt-br\/agenda-brasil-turim\/agenda-brasil-turim-2019\/","name":"Agenda Brasil Turim 2019 - Vagaluna","isPartOf":{"@id":"https:\/\/vagaluna.it\/pt-br\/#website"},"primaryImageOfPage":{"@id":"https:\/\/vagaluna.it\/pt-br\/agenda-brasil-pt-br\/agenda-brasil-turim\/agenda-brasil-turim-2019\/#primaryimage"},"image":{"@id":"https:\/\/vagaluna.it\/pt-br\/agenda-brasil-pt-br\/agenda-brasil-turim\/agenda-brasil-turim-2019\/#primaryimage"},"thumbnailUrl":"https:\/\/vagaluna.it\/wp-content\/uploads\/2019\/02\/agenda_br2019-site_thumb-torino.jpg","datePublished":"2019-02-04T15:17:43+00:00","dateModified":"2024-01-05T15:53:34+00:00","breadcrumb":{"@id":"https:\/\/vagaluna.it\/pt-br\/agenda-brasil-pt-br\/agenda-brasil-turim\/agenda-brasil-turim-2019\/#breadcrumb"},"inLanguage":"pt-BR","potentialAction":[{"@type":"ReadAction","target":["https:\/\/vagaluna.it\/pt-br\/agenda-brasil-pt-br\/agenda-brasil-turim\/agenda-brasil-turim-2019\/"]}]},{"@type":"ImageObject","inLanguage":"pt-BR","@id":"https:\/\/vagaluna.it\/pt-br\/agenda-brasil-pt-br\/agenda-brasil-turim\/agenda-brasil-turim-2019\/#primaryimage","url":"https:\/\/vagaluna.it\/wp-content\/uploads\/2019\/02\/agenda_br2019-site_thumb-torino.jpg","contentUrl":"https:\/\/vagaluna.it\/wp-content\/uploads\/2019\/02\/agenda_br2019-site_thumb-torino.jpg","width":800,"height":500},{"@type":"BreadcrumbList","@id":"https:\/\/vagaluna.it\/pt-br\/agenda-brasil-pt-br\/agenda-brasil-turim\/agenda-brasil-turim-2019\/#breadcrumb","itemListElement":[{"@type":"ListItem","position":1,"name":"Home","item":"https:\/\/vagaluna.it\/pt-br\/home\/"},{"@type":"ListItem","position":2,"name":"Agenda Brasil Turim 2019"}]},{"@type":"WebSite","@id":"https:\/\/vagaluna.it\/pt-br\/#website","url":"https:\/\/vagaluna.it\/pt-br\/","name":"Vagaluna","description":"Vagaluna","publisher":{"@id":"https:\/\/vagaluna.it\/pt-br\/#organization"},"potentialAction":[{"@type":"SearchAction","target":{"@type":"EntryPoint","urlTemplate":"https:\/\/vagaluna.it\/pt-br\/?s={search_term_string}"},"query-input":{"@type":"PropertyValueSpecification","valueRequired":true,"valueName":"search_term_string"}}],"inLanguage":"pt-BR"},{"@type":"Organization","@id":"https:\/\/vagaluna.it\/pt-br\/#organization","name":"Vagaluna","url":"https:\/\/vagaluna.it\/pt-br\/","logo":{"@type":"ImageObject","inLanguage":"pt-BR","@id":"https:\/\/vagaluna.it\/pt-br\/#\/schema\/logo\/image\/","url":"https:\/\/vagaluna.it\/wp-content\/uploads\/2023\/01\/cropped-vagaluna_logo_trasparente-2-300x81-1.png","contentUrl":"https:\/\/vagaluna.it\/wp-content\/uploads\/2023\/01\/cropped-vagaluna_logo_trasparente-2-300x81-1.png","width":300,"height":81,"caption":"Vagaluna"},"image":{"@id":"https:\/\/vagaluna.it\/pt-br\/#\/schema\/logo\/image\/"}},{"@type":"Person","@id":"https:\/\/vagaluna.it\/pt-br\/#\/schema\/person\/66cd1b8afc7bf49d8d7fbcb7a67f0a47","name":"Admin","sameAs":["https:\/\/vagaluna.it"],"url":"https:\/\/vagaluna.it\/pt-br\/author\/admin\/"}]}},"_links":{"self":[{"href":"https:\/\/vagaluna.it\/pt-br\/wp-json\/wp\/v2\/posts\/613","targetHints":{"allow":["GET"]}}],"collection":[{"href":"https:\/\/vagaluna.it\/pt-br\/wp-json\/wp\/v2\/posts"}],"about":[{"href":"https:\/\/vagaluna.it\/pt-br\/wp-json\/wp\/v2\/types\/post"}],"author":[{"embeddable":true,"href":"https:\/\/vagaluna.it\/pt-br\/wp-json\/wp\/v2\/users\/1"}],"replies":[{"embeddable":true,"href":"https:\/\/vagaluna.it\/pt-br\/wp-json\/wp\/v2\/comments?post=613"}],"version-history":[{"count":6,"href":"https:\/\/vagaluna.it\/pt-br\/wp-json\/wp\/v2\/posts\/613\/revisions"}],"predecessor-version":[{"id":2891,"href":"https:\/\/vagaluna.it\/pt-br\/wp-json\/wp\/v2\/posts\/613\/revisions\/2891"}],"wp:featuredmedia":[{"embeddable":true,"href":"https:\/\/vagaluna.it\/pt-br\/wp-json\/wp\/v2\/media\/915"}],"wp:attachment":[{"href":"https:\/\/vagaluna.it\/pt-br\/wp-json\/wp\/v2\/media?parent=613"}],"wp:term":[{"taxonomy":"category","embeddable":true,"href":"https:\/\/vagaluna.it\/pt-br\/wp-json\/wp\/v2\/categories?post=613"},{"taxonomy":"post_tag","embeddable":true,"href":"https:\/\/vagaluna.it\/pt-br\/wp-json\/wp\/v2\/tags?post=613"}],"curies":[{"name":"wp","href":"https:\/\/api.w.org\/{rel}","templated":true}]}}